{"id":22601,"date":"2023-10-15T08:46:16","date_gmt":"2023-10-15T11:46:16","guid":{"rendered":"https:\/\/expressaoms.com.br\/?p=22601"},"modified":"2023-11-01T16:16:36","modified_gmt":"2023-11-01T19:16:36","slug":"tres-lagoas-e-regiao-se-preparam-para-um-dia-de-calor-e-possiveis-chuvas-isoladas","status":"publish","type":"post","link":"https:\/\/expressaoms.com.br\/index.php\/2023\/10\/15\/tres-lagoas-e-regiao-se-preparam-para-um-dia-de-calor-e-possiveis-chuvas-isoladas\/","title":{"rendered":"Tr\u00eas Lagoas e Regi\u00e3o se preparam para um dia de calor e poss\u00edveis chuvas isoladas"},"content":{"rendered":"<p>O Centro de Monitoramento do Tempo e do Clima (Cemtec) prev\u00ea que Tr\u00eas Lagoas enfrentar\u00e1 um per\u00edodo de calor com a possibilidade de chuvas isoladas. As temperaturas na cidade ser\u00e3o elevadas, com uma m\u00ednima de 25\u00b0C e uma m\u00e1xima que poder\u00e1 atingir os 39\u00b0C.<\/p>\n<p><img fetchpriority=\"high\" decoding=\"async\" class=\"aligncenter size-full wp-image-22507\" src=\"https:\/\/expressaoms.com.br\/wp-content\/uploads\/2023\/10\/Banner-eletrA\u00b4nico-1170x320px.gif\" alt=\"\" width=\"1170\" height=\"320\" \/><\/p>\n<p>J\u00e1 em Anauril\u00e2ndia, a temperatura m\u00ednima ser\u00e1 de 24\u00b0C e a m\u00e1xima de 35\u00b0C; em Parana\u00edba, as temperaturas oscilar\u00e3o entre 23\u00b0C e 36\u00b0C; Aparecida do Taboado ter\u00e1 uma m\u00ednima de 24\u00b0C e uma m\u00e1xima de 35\u00b0C; Inoc\u00eancia apresentar\u00e1 uma m\u00ednima de 23\u00b0C e uma m\u00e1xima de 35\u00b0C. Por \u00faltimo, \u00c1gua Clara registrar\u00e1 uma m\u00ednima de 23\u00b0C e uma m\u00e1xima de 36\u00b0C.<\/p>\n","protected":false},"excerpt":{"rendered":"<p>O Centro de Monitoramento do Tempo e do Clima (Cemtec) prev\u00ea que Tr\u00eas Lagoas enfrentar\u00e1 um per\u00edodo de calor com a possibilidade de chuvas isoladas. As temperaturas na cidade ser\u00e3o elevadas, com uma m\u00ednima de 25\u00b0C e uma m\u00e1xima que poder\u00e1 atingir os 39\u00b0C. J\u00e1 em Anauril\u00e2ndia, a temperatura m\u00ednima ser\u00e1 de 24\u00b0C e a [&hellip;]<\/p>\n","protected":false},"author":2,"featured_media":22354,"comment_status":"open","ping_status":"open","sticky":false,"template":"","format":"standard","meta":{"om_disable_all_campaigns":false,"_monsterinsights_skip_tracking":false,"_monsterinsights_sitenote_active":false,"_monsterinsights_sitenote_note":"","_monsterinsights_sitenote_category":0,"footnotes":""},"categories":[30,36,266,47,48],"tags":[],"aioseo_notices":[],"_links":{"self":[{"href":"https:\/\/expressaoms.com.br\/index.php\/wp-json\/wp\/v2\/posts\/22601"}],"collection":[{"href":"https:\/\/expressaoms.com.br\/index.php\/wp-json\/wp\/v2\/posts"}],"about":[{"href":"https:\/\/expressaoms.com.br\/index.php\/wp-json\/wp\/v2\/types\/post"}],"author":[{"embeddable":true,"href":"https:\/\/expressaoms.com.br\/index.php\/wp-json\/wp\/v2\/users\/2"}],"replies":[{"embeddable":true,"href":"https:\/\/expressaoms.com.br\/index.php\/wp-json\/wp\/v2\/comments?post=22601"}],"version-history":[{"count":3,"href":"https:\/\/expressaoms.com.br\/index.php\/wp-json\/wp\/v2\/posts\/22601\/revisions"}],"predecessor-version":[{"id":23039,"href":"https:\/\/expressaoms.com.br\/index.php\/wp-json\/wp\/v2\/posts\/22601\/revisions\/23039"}],"wp:featuredmedia":[{"embeddable":true,"href":"https:\/\/expressaoms.com.br\/index.php\/wp-json\/wp\/v2\/media\/22354"}],"wp:attachment":[{"href":"https:\/\/expressaoms.com.br\/index.php\/wp-json\/wp\/v2\/media?parent=22601"}],"wp:term":[{"taxonomy":"category","embeddable":true,"href":"https:\/\/expressaoms.com.br\/index.php\/wp-json\/wp\/v2\/categories?post=22601"},{"taxonomy":"post_tag","embeddable":true,"href":"https:\/\/expressaoms.com.br\/index.php\/wp-json\/wp\/v2\/tags?post=22601"}],"curies":[{"name":"wp","href":"https:\/\/api.w.org\/{rel}","templated":true}]}}