{"id":22603,"date":"2023-10-16T08:50:32","date_gmt":"2023-10-16T11:50:32","guid":{"rendered":"https:\/\/expressaoms.com.br\/?p=22603"},"modified":"2023-10-16T08:51:03","modified_gmt":"2023-10-16T11:51:03","slug":"traficante-e-detido-em-tres-lagoas-com-drogas-e-equipamentos-de-producao","status":"publish","type":"post","link":"https:\/\/expressaoms.com.br\/index.php\/2023\/10\/16\/traficante-e-detido-em-tres-lagoas-com-drogas-e-equipamentos-de-producao\/","title":{"rendered":"Traficante \u00e9 detido em Tr\u00eas Lagoas com drogas e equipamentos de produ\u00e7\u00e3o"},"content":{"rendered":"<p>Um indiv\u00edduo de 21 anos foi detido sob acusa\u00e7\u00e3o de tr\u00e1fico de subst\u00e2ncias il\u00edcitas ap\u00f3s ser flagrado com dois pequenos recipientes de coca\u00edna em seus bolsos durante a noite de s\u00e1bado, dia 14, na viela Concei\u00e7\u00e3o Alves de Paula, situada no bairro Jardim Atenas, em Tr\u00eas Lagoas. A deten\u00e7\u00e3o ocorreu como parte da opera\u00e7\u00e3o &#8220;Satura\u00e7\u00e3o&#8221;, que estava em andamento na regi\u00e3o, e tinha como alvo um ponto suspeito de comercializa\u00e7\u00e3o de drogas. Os policiais observaram um homem saindo apressadamente de uma resid\u00eancia nesse local e, por isso, procederam \u00e0 abordagem do suspeito.<\/p>\n<p>Ap\u00f3s uma busca pessoal, as autoridades encontraram dois recipientes contendo coca\u00edna em um dos bolsos do suspeito. Na resid\u00eancia em quest\u00e3o, foram descobertos sete tabletes de maconha, al\u00e9m de 28 por\u00e7\u00f5es dessa mesma droga, totalizando 4,6 kg. Al\u00e9m disso, foram apreendidos 16 pequenos recipientes e 12 por\u00e7\u00f5es de coca\u00edna, pesando 26 gramas, bem como tr\u00eas balan\u00e7as de precis\u00e3o e equipamentos relacionados \u00e0 produ\u00e7\u00e3o de subst\u00e2ncias il\u00edcitas.<\/p>\n<p>O homem foi imediatamente detido em flagrante e encaminhado \u00e0 Depac (Delegacia de Pronto Atendimento Comunit\u00e1rio), onde foi apresentado pela Pol\u00edcia Militar, juntamente com as subst\u00e2ncias apreendidas.<\/p>\n","protected":false},"excerpt":{"rendered":"<p>Um indiv\u00edduo de 21 anos foi detido sob acusa\u00e7\u00e3o de tr\u00e1fico de subst\u00e2ncias il\u00edcitas ap\u00f3s ser flagrado com dois pequenos recipientes de coca\u00edna em seus bolsos durante a noite de s\u00e1bado, dia 14, na viela Concei\u00e7\u00e3o Alves de Paula, situada no bairro Jardim Atenas, em Tr\u00eas Lagoas. A deten\u00e7\u00e3o ocorreu como parte da opera\u00e7\u00e3o &#8220;Satura\u00e7\u00e3o&#8221;, [&hellip;]<\/p>\n","protected":false},"author":2,"featured_media":22604,"comment_status":"open","ping_status":"open","sticky":false,"template":"","format":"standard","meta":{"om_disable_all_campaigns":false,"_monsterinsights_skip_tracking":false,"_monsterinsights_sitenote_active":false,"_monsterinsights_sitenote_note":"","_monsterinsights_sitenote_category":0,"footnotes":""},"categories":[30,41,48],"tags":[],"aioseo_notices":[],"_links":{"self":[{"href":"https:\/\/expressaoms.com.br\/index.php\/wp-json\/wp\/v2\/posts\/22603"}],"collection":[{"href":"https:\/\/expressaoms.com.br\/index.php\/wp-json\/wp\/v2\/posts"}],"about":[{"href":"https:\/\/expressaoms.com.br\/index.php\/wp-json\/wp\/v2\/types\/post"}],"author":[{"embeddable":true,"href":"https:\/\/expressaoms.com.br\/index.php\/wp-json\/wp\/v2\/users\/2"}],"replies":[{"embeddable":true,"href":"https:\/\/expressaoms.com.br\/index.php\/wp-json\/wp\/v2\/comments?post=22603"}],"version-history":[{"count":1,"href":"https:\/\/expressaoms.com.br\/index.php\/wp-json\/wp\/v2\/posts\/22603\/revisions"}],"predecessor-version":[{"id":22605,"href":"https:\/\/expressaoms.com.br\/index.php\/wp-json\/wp\/v2\/posts\/22603\/revisions\/22605"}],"wp:featuredmedia":[{"embeddable":true,"href":"https:\/\/expressaoms.com.br\/index.php\/wp-json\/wp\/v2\/media\/22604"}],"wp:attachment":[{"href":"https:\/\/expressaoms.com.br\/index.php\/wp-json\/wp\/v2\/media?parent=22603"}],"wp:term":[{"taxonomy":"category","embeddable":true,"href":"https:\/\/expressaoms.com.br\/index.php\/wp-json\/wp\/v2\/categories?post=22603"},{"taxonomy":"post_tag","embeddable":true,"href":"https:\/\/expressaoms.com.br\/index.php\/wp-json\/wp\/v2\/tags?post=22603"}],"curies":[{"name":"wp","href":"https:\/\/api.w.org\/{rel}","templated":true}]}}