{"id":22613,"date":"2023-10-16T16:01:16","date_gmt":"2023-10-16T19:01:16","guid":{"rendered":"https:\/\/expressaoms.com.br\/?p=22613"},"modified":"2023-11-01T16:17:07","modified_gmt":"2023-11-01T19:17:07","slug":"aventura-musical-de-bonecos-e-atores-floresta-dos-misterios-reuniu-centenas-de-pessoas","status":"publish","type":"post","link":"https:\/\/expressaoms.com.br\/index.php\/2023\/10\/16\/aventura-musical-de-bonecos-e-atores-floresta-dos-misterios-reuniu-centenas-de-pessoas\/","title":{"rendered":"Aventura-musical de bonecos e atores \u201cFloresta dos Mist\u00e9rios\u201d reuniu centenas de pessoas"},"content":{"rendered":"<p data-raofz=\"16\">No s\u00e1bado (14 de outubro), o Galp\u00e3o da NOB recebeu o espet\u00e1culo \u201cFlorestas dos Mist\u00e9rios\u201d, o evento gratuito reuniu centenas de pessoas que prestigiaram a pe\u00e7a teatral totalmente inclusiva, com trilha cantada ao vivo.<\/p>\n<p data-raofz=\"16\"><img fetchpriority=\"high\" decoding=\"async\" class=\"aligncenter size-full wp-image-22507\" src=\"https:\/\/expressaoms.com.br\/wp-content\/uploads\/2023\/10\/Banner-eletrA\u00b4nico-1170x320px.gif\" alt=\"\" width=\"1170\" height=\"320\" \/><\/p>\n<p data-raofz=\"16\">A apresenta\u00e7\u00e3o contou com audiodescri\u00e7\u00e3o e libras, al\u00e9m de ser apresentado num teatro equipado com medidas de acessibilidade, para mostrar a aventura de tr\u00eas crian\u00e7as que encontram os seres da mitologia brasileira Saci Perer\u00ea, Sereia Iara e Boitat\u00e1. A pe\u00e7a foi escrita e dirigida pelo premiado autor M\u00e1rcio Ara\u00fajo (um dos criadores do Cocoric\u00f3 da TV Cultura), e com m\u00fasicas autorais em parceria com Tato Fischer (Secos &amp; Molhados).<\/p>\n<p data-raofz=\"16\">O projeto \u201cCaravana Floresta dos Mist\u00e9rios\u201d \u00e9 uma realiza\u00e7\u00e3o da Lei de Incentivo \u00e0 Cultura, Minist\u00e9rio da Cultura e Governo Federal Uni\u00e3o; tem o apoio da Funda\u00e7\u00e3o ArcelorMittal e da Prefeitura Municipal de Tr\u00eas Lagoas, por meio da Diretoria de Cultura da Secretaria Municipal de Educa\u00e7\u00e3o e Cultura (SEMEC).<\/p>\n","protected":false},"excerpt":{"rendered":"<p>No s\u00e1bado (14 de outubro), o Galp\u00e3o da NOB recebeu o espet\u00e1culo \u201cFlorestas dos Mist\u00e9rios\u201d, o evento gratuito reuniu centenas de pessoas que prestigiaram a pe\u00e7a teatral totalmente inclusiva, com trilha cantada ao vivo. A apresenta\u00e7\u00e3o contou com audiodescri\u00e7\u00e3o e libras, al\u00e9m de ser apresentado num teatro equipado com medidas de acessibilidade, para mostrar a [&hellip;]<\/p>\n","protected":false},"author":2,"featured_media":22614,"comment_status":"open","ping_status":"open","sticky":false,"template":"","format":"standard","meta":{"om_disable_all_campaigns":false,"_monsterinsights_skip_tracking":false,"_monsterinsights_sitenote_active":false,"_monsterinsights_sitenote_note":"","_monsterinsights_sitenote_category":0,"footnotes":""},"categories":[35,36,48],"tags":[],"aioseo_notices":[],"_links":{"self":[{"href":"https:\/\/expressaoms.com.br\/index.php\/wp-json\/wp\/v2\/posts\/22613"}],"collection":[{"href":"https:\/\/expressaoms.com.br\/index.php\/wp-json\/wp\/v2\/posts"}],"about":[{"href":"https:\/\/expressaoms.com.br\/index.php\/wp-json\/wp\/v2\/types\/post"}],"author":[{"embeddable":true,"href":"https:\/\/expressaoms.com.br\/index.php\/wp-json\/wp\/v2\/users\/2"}],"replies":[{"embeddable":true,"href":"https:\/\/expressaoms.com.br\/index.php\/wp-json\/wp\/v2\/comments?post=22613"}],"version-history":[{"count":2,"href":"https:\/\/expressaoms.com.br\/index.php\/wp-json\/wp\/v2\/posts\/22613\/revisions"}],"predecessor-version":[{"id":23040,"href":"https:\/\/expressaoms.com.br\/index.php\/wp-json\/wp\/v2\/posts\/22613\/revisions\/23040"}],"wp:featuredmedia":[{"embeddable":true,"href":"https:\/\/expressaoms.com.br\/index.php\/wp-json\/wp\/v2\/media\/22614"}],"wp:attachment":[{"href":"https:\/\/expressaoms.com.br\/index.php\/wp-json\/wp\/v2\/media?parent=22613"}],"wp:term":[{"taxonomy":"category","embeddable":true,"href":"https:\/\/expressaoms.com.br\/index.php\/wp-json\/wp\/v2\/categories?post=22613"},{"taxonomy":"post_tag","embeddable":true,"href":"https:\/\/expressaoms.com.br\/index.php\/wp-json\/wp\/v2\/tags?post=22613"}],"curies":[{"name":"wp","href":"https:\/\/api.w.org\/{rel}","templated":true}]}}