{"id":22616,"date":"2023-10-16T16:02:35","date_gmt":"2023-10-16T19:02:35","guid":{"rendered":"https:\/\/expressaoms.com.br\/?p=22616"},"modified":"2023-10-16T16:02:35","modified_gmt":"2023-10-16T19:02:35","slug":"conferencia-municipal-da-juventude-acontece-nesta-quinta-e-sexta-feira-dia-19-e-20","status":"publish","type":"post","link":"https:\/\/expressaoms.com.br\/index.php\/2023\/10\/16\/conferencia-municipal-da-juventude-acontece-nesta-quinta-e-sexta-feira-dia-19-e-20\/","title":{"rendered":"Confer\u00eancia Municipal da Juventude acontece nesta quinta e sexta-feira , dia 19 e 20"},"content":{"rendered":"<p data-raofz=\"16\">Nesta quinta e sexta-feira (19 e 20 de outubro) acontece a Confer\u00eancia Municipal da Juventude, oportunidade para que a popula\u00e7\u00e3o tr\u00eas-lagoense, em especial \u00e0 comunidade jovem, se fazer ser ouvida, trazer as suas demandas, elogios, cr\u00edticas e sugest\u00f5es ao conhecimento do Poder P\u00fablico Municipal, atrav\u00e9s do Conselho Municipal dos Direitos da Juventude.<\/p>\n<p data-raofz=\"16\">\nA Confer\u00eancia Municipal da Juventude ser\u00e1 realizada das 7h \u00e0s 12h, no Centro de Refer\u00eancia de Assist\u00eancia Social e Educacional (CRASE) \u201cCora\u00e7\u00e3o de M\u00e3e\u201d, localizado na Avenida Clodoaldo Garcia, n\u00ba 2355 \u2013 Vila Haro.<\/p>\n<p data-raofz=\"16\">\nDe acordo com a organiza\u00e7\u00e3o, este \u00e9 o espa\u00e7o para se exercer o controle social e debater pol\u00edticas p\u00fablicas direcionadas \u00e0s necessidades deste p\u00fablico. Vale lembrar que, embora seja jovem, conforme o Estatuto da Juventude, aquele que tem entre 15 e 29 anos, a Confer\u00eancia \u00e9 aberta a todas as idades.<\/p>\n<p data-raofz=\"16\">Al\u00e9m do debate de a\u00e7\u00f5es e pol\u00edticas p\u00fablicas, a confer\u00eancia eleger\u00e1 os seis delegados que representar\u00e3o Tr\u00eas Lagoas na Confer\u00eancia Estadual da Juventude, que, por sua vez, eleger\u00e1 delegados para a etapa nacional.<\/p>\n<p data-raofz=\"16\">\n<strong>SOBRE A CONFER\u00caNCIA<\/strong><\/p>\n<p data-raofz=\"16\">\nA Confer\u00eancia Municipal da Juventude \u00e9 uma iniciativa do Conselho Municipal dos Direitos da Juventude, em parceria com a Secretaria de Governo e Pol\u00edticas P\u00fablicas (SEGOV) e a Secretaria de Juventude, Esporte e Lazer (SEJUVEL), visando promover a participa\u00e7\u00e3o pol\u00edtica e representatividade da juventude tr\u00eas-lagoense.<\/p>\n<p data-raofz=\"16\">\nA realiza\u00e7\u00e3o da Confer\u00eancia \u00e9 um marco para o Munic\u00edpio, sendo a primeira do tipo j\u00e1 realizada, al\u00e9m de dar continuidade \u00e0 pauta da juventude, com a implementa\u00e7\u00e3o do Conselho da Juventude, em janeiro de 2023, e realiza\u00e7\u00e3o de palestras alusivas \u00e0 Semana Estadual da Juventude, no \u00faltimo dia 21, no Plen\u00e1rio da C\u00e2mara Municipal.<\/p>\n","protected":false},"excerpt":{"rendered":"<p>Nesta quinta e sexta-feira (19 e 20 de outubro) acontece a Confer\u00eancia Municipal da Juventude, oportunidade para que a popula\u00e7\u00e3o tr\u00eas-lagoense, em especial \u00e0 comunidade jovem, se fazer ser ouvida, trazer as suas demandas, elogios, cr\u00edticas e sugest\u00f5es ao conhecimento do Poder P\u00fablico Municipal, atrav\u00e9s do Conselho Municipal dos Direitos da Juventude. A Confer\u00eancia Municipal [&hellip;]<\/p>\n","protected":false},"author":2,"featured_media":22617,"comment_status":"open","ping_status":"open","sticky":false,"template":"","format":"standard","meta":{"om_disable_all_campaigns":false,"_monsterinsights_skip_tracking":false,"_monsterinsights_sitenote_active":false,"_monsterinsights_sitenote_note":"","_monsterinsights_sitenote_category":0,"footnotes":""},"categories":[36,48],"tags":[],"aioseo_notices":[],"_links":{"self":[{"href":"https:\/\/expressaoms.com.br\/index.php\/wp-json\/wp\/v2\/posts\/22616"}],"collection":[{"href":"https:\/\/expressaoms.com.br\/index.php\/wp-json\/wp\/v2\/posts"}],"about":[{"href":"https:\/\/expressaoms.com.br\/index.php\/wp-json\/wp\/v2\/types\/post"}],"author":[{"embeddable":true,"href":"https:\/\/expressaoms.com.br\/index.php\/wp-json\/wp\/v2\/users\/2"}],"replies":[{"embeddable":true,"href":"https:\/\/expressaoms.com.br\/index.php\/wp-json\/wp\/v2\/comments?post=22616"}],"version-history":[{"count":1,"href":"https:\/\/expressaoms.com.br\/index.php\/wp-json\/wp\/v2\/posts\/22616\/revisions"}],"predecessor-version":[{"id":22618,"href":"https:\/\/expressaoms.com.br\/index.php\/wp-json\/wp\/v2\/posts\/22616\/revisions\/22618"}],"wp:featuredmedia":[{"embeddable":true,"href":"https:\/\/expressaoms.com.br\/index.php\/wp-json\/wp\/v2\/media\/22617"}],"wp:attachment":[{"href":"https:\/\/expressaoms.com.br\/index.php\/wp-json\/wp\/v2\/media?parent=22616"}],"wp:term":[{"taxonomy":"category","embeddable":true,"href":"https:\/\/expressaoms.com.br\/index.php\/wp-json\/wp\/v2\/categories?post=22616"},{"taxonomy":"post_tag","embeddable":true,"href":"https:\/\/expressaoms.com.br\/index.php\/wp-json\/wp\/v2\/tags?post=22616"}],"curies":[{"name":"wp","href":"https:\/\/api.w.org\/{rel}","templated":true}]}}