{"id":22736,"date":"2023-10-22T15:43:56","date_gmt":"2023-10-22T18:43:56","guid":{"rendered":"https:\/\/expressaoms.com.br\/?p=22736"},"modified":"2023-10-23T15:44:53","modified_gmt":"2023-10-23T18:44:53","slug":"biblioteca-municipal-realizara-semana-nacional-do-livro-e-da-biblioteca","status":"publish","type":"post","link":"https:\/\/expressaoms.com.br\/index.php\/2023\/10\/22\/biblioteca-municipal-realizara-semana-nacional-do-livro-e-da-biblioteca\/","title":{"rendered":"Biblioteca Municipal realizar\u00e1 Semana Nacional do Livro e da Biblioteca"},"content":{"rendered":"<p>A Prefeitura de Brasil\u00e2ndia por meio da Secret\u00e1ria Municipal de Educa\u00e7\u00e3o de Brasil\u00e2ndia atrav\u00e9s da Biblioteca\u00a0P\u00fablica Municipal\u00a0 \u201cAbadia dos Santos\u201d convida a comunidade para participar da I Semana Nacional do Livro e da Biblioteca, que ocorrer\u00e1 nos dias 23 a 27 de outubro de 2023.<\/p>\n<p>Com o objetivo de enaltecer a import\u00e2ncia da leitura, propagar a cultura e estimular o conhecimento ao difundir o livro e a biblioteca, atrav\u00e9s da democratiza\u00e7\u00e3o do saber.<\/p>\n<p>A Biblioteca Municipal Abadia dos Santos, ter\u00e1 v\u00e1rias atividades durante a Semana de 23 a 27 de outubro, em comemora\u00e7\u00e3o ao Dia do Livro. Confira abaixo a programa\u00e7\u00e3o completa:<\/p>\n<p><strong>23\/10 &#8211; SEGUNDA-FEIRA &#8211;\u00a0MATUTINO<\/strong><br \/>\n8h &#8211; Abertura do espa\u00e7o (Biblioteca).<br \/>\n8h30 \u2013 exposi\u00e7\u00e3o dos livros do lado de fora da Biblioteca<\/p>\n<p>P\u00fablico Alvo: Aberto a Comunidade.<\/p>\n<p>Venha participar conosco nesta viagem ao mundo da leitura, a partir das 8h (MS), na Pra\u00e7a Santa Maria.<\/p>\n<p><strong>23\/10- PERIODO &#8211; VESPERTINO<\/strong><br \/>\n13h &#8211; Abertura do espa\u00e7o (Biblioteca).<\/p>\n<p>13h30 \u2013 exposi\u00e7\u00e3o dos livros do lado de fora da Biblioteca<br \/>\nP\u00fablico Alvo: alunos do 3\u00ba ano do ensino fundamental (visita \u00e0 Biblioteca).<\/p>\n<p>14h &#8211; Conta\u00e7\u00e3o de Hist\u00f3rias.<\/p>\n<p>15h30- (Encerramento)<\/p>\n<p><strong>24\/10-RODA DE LEITURA E CONTA\u00c7\u00c3O DE HIST\u00d3RIA<\/strong><br \/>\nDas 09h30 \u00e1s 10h30(MS)<br \/>\nRoda de Leitura com as crian\u00e7as do 3\u00ba ano do Ensino Fundamental, da Escola Municipal Arthur Hoffig<\/p>\n<p><strong>24\/10- PER\u00cdODO NOTURNO<\/strong><br \/>\n18h \u00e0s 21h30 (MS)<br \/>\n&#8220;Uma Noite na Biblioteca\u201d<\/p>\n<p><strong>25\/10- \u00a0RODA DE CONVERSA AL\u00c9M DAS REDES SOCIAIS\u00a0<\/strong><br \/>\nBate papo \u2013 O uso das intelig\u00eancias artificiais no meio acad\u00eamico com Raquel Alves Matos (Psic\u00f3loga).<br \/>\nRoda de Conversa \u2013 Chatbots, site de pesquisa: inimigos ou aliados da educa\u00e7\u00e3o (apresenta\u00e7\u00e3o e debate)<br \/>\nTeremos tamb\u00e9m o Jovem Leonardo Holsback (Acad\u00eamico em Ci\u00eancias Cont\u00e1beis), falando sobre a import\u00e2ncia da documenta\u00e7\u00e3o para o dia a dia.<br \/>\nParticipa\u00e7\u00e3o dos alunos dos alunos do 8\u00ba ano C e 8\u00ba ano D, da Escola Municipal Ant\u00f4nio Henrique Filho<\/p>\n<p><strong>26\/10 &#8211; PER\u00cdODO MATUTINO<\/strong><br \/>\n8h30 &#8211; Caf\u00e9 com Escritores<br \/>\nO evento contar\u00e1 com a participa\u00e7\u00e3o especial dos seguintes escritores:<br \/>\nCarlito Dutra &#8211; M\u00e9dico Veterin\u00e1rio, Fil\u00f3sofo, Te\u00f3logo, Cientista Social, Historiador e Advogado.<br \/>\nFernanda Monteiro \u00a0&#8211; Psic\u00f3loga Cl\u00ednica<br \/>\nPatricia Acunha \u00a0&#8211; Jornalista, Bacharel em Letras e T\u00e9cnica em Eventos<br \/>\nTain\u00e1 Santos de Oliveira &#8211; Advogada na \u00e1rea previdenci\u00e1ria.<br \/>\nHaver\u00e1 um bate-papo entre os alunos do 7\u00ba e 8 \u00ba \u00a0da escola Municipal Ant\u00f4nio Henrique Filho e o encontro \u00e9 aberto a toda popula\u00e7\u00e3o interessada.<\/p>\n","protected":false},"excerpt":{"rendered":"<p>A Prefeitura de Brasil\u00e2ndia por meio da Secret\u00e1ria Municipal de Educa\u00e7\u00e3o de Brasil\u00e2ndia atrav\u00e9s da Biblioteca\u00a0P\u00fablica Municipal\u00a0 \u201cAbadia dos Santos\u201d convida a comunidade para participar da I Semana Nacional do Livro e da Biblioteca, que ocorrer\u00e1 nos dias 23 a 27 de outubro de 2023. Com o objetivo de enaltecer a import\u00e2ncia da leitura, propagar [&hellip;]<\/p>\n","protected":false},"author":2,"featured_media":22737,"comment_status":"open","ping_status":"open","sticky":false,"template":"","format":"standard","meta":{"om_disable_all_campaigns":false,"_monsterinsights_skip_tracking":false,"_monsterinsights_sitenote_active":false,"_monsterinsights_sitenote_note":"","_monsterinsights_sitenote_category":0,"footnotes":""},"categories":[26,193],"tags":[],"aioseo_notices":[],"_links":{"self":[{"href":"https:\/\/expressaoms.com.br\/index.php\/wp-json\/wp\/v2\/posts\/22736"}],"collection":[{"href":"https:\/\/expressaoms.com.br\/index.php\/wp-json\/wp\/v2\/posts"}],"about":[{"href":"https:\/\/expressaoms.com.br\/index.php\/wp-json\/wp\/v2\/types\/post"}],"author":[{"embeddable":true,"href":"https:\/\/expressaoms.com.br\/index.php\/wp-json\/wp\/v2\/users\/2"}],"replies":[{"embeddable":true,"href":"https:\/\/expressaoms.com.br\/index.php\/wp-json\/wp\/v2\/comments?post=22736"}],"version-history":[{"count":1,"href":"https:\/\/expressaoms.com.br\/index.php\/wp-json\/wp\/v2\/posts\/22736\/revisions"}],"predecessor-version":[{"id":22738,"href":"https:\/\/expressaoms.com.br\/index.php\/wp-json\/wp\/v2\/posts\/22736\/revisions\/22738"}],"wp:featuredmedia":[{"embeddable":true,"href":"https:\/\/expressaoms.com.br\/index.php\/wp-json\/wp\/v2\/media\/22737"}],"wp:attachment":[{"href":"https:\/\/expressaoms.com.br\/index.php\/wp-json\/wp\/v2\/media?parent=22736"}],"wp:term":[{"taxonomy":"category","embeddable":true,"href":"https:\/\/expressaoms.com.br\/index.php\/wp-json\/wp\/v2\/categories?post=22736"},{"taxonomy":"post_tag","embeddable":true,"href":"https:\/\/expressaoms.com.br\/index.php\/wp-json\/wp\/v2\/tags?post=22736"}],"curies":[{"name":"wp","href":"https:\/\/api.w.org\/{rel}","templated":true}]}}