{"id":22749,"date":"2023-10-24T11:05:11","date_gmt":"2023-10-24T14:05:11","guid":{"rendered":"https:\/\/expressaoms.com.br\/?p=22749"},"modified":"2023-10-24T11:05:11","modified_gmt":"2023-10-24T14:05:11","slug":"diversao-em-cena-tres-lagoas-tera-neste-sabado-28-espetaculo-frankinh-com-duas-apresentacoes-gratuitas","status":"publish","type":"post","link":"https:\/\/expressaoms.com.br\/index.php\/2023\/10\/24\/diversao-em-cena-tres-lagoas-tera-neste-sabado-28-espetaculo-frankinh-com-duas-apresentacoes-gratuitas\/","title":{"rendered":"Divers\u00e3o em Cena \u2013 Tr\u00eas Lagoas ter\u00e1 neste s\u00e1bado (28), espet\u00e1culo Frankinh@, com duas apresenta\u00e7\u00f5es gratuitas"},"content":{"rendered":"<p data-raofz=\"16\">Tr\u00eas Lagoas recebe neste s\u00e1bado (28 de outubro), o programa Divers\u00e3o em Cena, O premiado grupo Projeto Gompa apresentar\u00e1 o espet\u00e1culo Frankinh@ \u2014 uma hist\u00f3ria em pedacinhos, vencedor do Pr\u00eamio SESC de Artes C\u00eanicas, no Galp\u00e3o da NOB, em duas sess\u00f5es gratuitas \u00e0s 16 e 18 horas.<\/p>\n<p data-raofz=\"16\">A atra\u00e7\u00e3o mescla teatro, dan\u00e7a, narra\u00e7\u00e3o e m\u00fasica para contar a hist\u00f3ria de um criador e sua criatura. Inspirado na obra Frankenstein, de Mary Shelley, a pe\u00e7a fala de solid\u00e3o, bullying, amizade, criatividade e aceita\u00e7\u00e3o das diferen\u00e7as, trazendo ainda recursos de ci\u00eancias e ilusionismo. Dirigida por Camila Bauer, a montagem tem 45 minutos de dura\u00e7\u00e3o e classifica\u00e7\u00e3o et\u00e1ria de 6 anos.<\/p>\n<p data-raofz=\"16\">O espet\u00e1culo \u00e9 promovido pela Funda\u00e7\u00e3o ArcelorMittal, e tem apoio da Prefeitura de Tr\u00eas Lagoas, por meio da Diretoria de Cultura, da Secretaria Municipal de Educa\u00e7\u00e3o e Cultura (SEMEC). E conta tamb\u00e9m com a parceria de grupos e produtores culturais, que contam com patroc\u00ednio da ArcelorMittal e Belgo Arames por meio das leis federal, estaduais e municipais de incentivo \u00e0 cultura.<\/p>\n<p data-raofz=\"16\">A temporada 2023 do Divers\u00e3o em Cena faz parte das comemora\u00e7\u00f5es pelos 35 anos da Funda\u00e7\u00e3o ArcelorMittal<\/p>\n<p data-raofz=\"16\"><strong>A PE\u00c7A<\/strong><\/p>\n<p data-raofz=\"16\">Uma hist\u00f3ria em pedacinhos \u00e9 inspirada nas personagens e situa\u00e7\u00f5es da obra Frankenstein, de Mary Shelley. A hist\u00f3ria, que j\u00e1 \u00e9 um cl\u00e1ssico entre diferentes gera\u00e7\u00f5es, funciona como ponto de partida para falar de inf\u00e2ncia, crescimento, perda, isolamento, bullying, amizade, criatividade e aceita\u00e7\u00e3o de si mesmo e dos outros.<\/p>\n<p data-raofz=\"16\">Victor Frankenstein \u00e9 um jovem esquisito e solit\u00e1rio que, quase sem querer, acaba criando algu\u00e9m para lhe fazer companhia, desafiando os limites da ci\u00eancia e de sua pr\u00f3pria idade. No entanto, a criatura n\u00e3o sai exatamente como ele queria. Afinal, quase nada sai como a gente deseja. Victor precisa entender que Frankinh@ tem vontades pr\u00f3prias e \u00e9 bem diferente do que ele imaginava. Mas que isso n\u00e3o era ruim. Muito pelo contr\u00e1rio, essa era uma coisa divertida. Assim, os dois vivem juntos grandes aventuras e passam a se transformar e a aceitar suas diferen\u00e7as.<\/p>\n<p data-raofz=\"16\">O grupo mescla narra\u00e7\u00e3o, teatro, dan\u00e7a, artes visuais e trilha sonora original para reinventar a primeira obra de fic\u00e7\u00e3o cient\u00edfica da hist\u00f3ria. A pe\u00e7a coloca a arte em di\u00e1logo com a ci\u00eancia, a biologia, a literatura e a f\u00edsica, despertando o imagin\u00e1rio da crian\u00e7a e sua capacidade criativa. A dire\u00e7\u00e3o \u00e9 de Camila Bauer, e o elenco formado por Fabiane Severo, Liane Venturella e Thiago Ruffoni.<\/p>\n<figure class=\"wp-block-image size-large\"><img fetchpriority=\"high\" decoding=\"async\" class=\"wp-image-113744 lazyloaded\" src=\"https:\/\/www.treslagoas.ms.gov.br\/wp-content\/uploads\/2023\/10\/ESPETACULO-FRANKINHO-920x920.jpeg\" sizes=\"(max-width: 920px) 100vw, 920px\" srcset=\"https:\/\/www.treslagoas.ms.gov.br\/wp-content\/uploads\/2023\/10\/ESPETACULO-FRANKINHO-scaled.jpeg 920w, https:\/\/www.treslagoas.ms.gov.br\/wp-content\/uploads\/2023\/10\/ESPETACULO-FRANKINHO-300x300.jpeg 300w, https:\/\/www.treslagoas.ms.gov.br\/wp-content\/uploads\/2023\/10\/ESPETACULO-FRANKINHO-150x150.jpeg 150w, https:\/\/www.treslagoas.ms.gov.br\/wp-content\/uploads\/2023\/10\/ESPETACULO-FRANKINHO-768x768.jpeg 768w, https:\/\/www.treslagoas.ms.gov.br\/wp-content\/uploads\/2023\/10\/ESPETACULO-FRANKINHO-187x187.jpeg 187w, https:\/\/www.treslagoas.ms.gov.br\/wp-content\/uploads\/2023\/10\/ESPETACULO-FRANKINHO-600x600.jpeg 600w, https:\/\/www.treslagoas.ms.gov.br\/wp-content\/uploads\/2023\/10\/ESPETACULO-FRANKINHO-100x100.jpeg 100w\" alt=\"\" width=\"920\" height=\"920\" data-srcset=\"https:\/\/www.treslagoas.ms.gov.br\/wp-content\/uploads\/2023\/10\/ESPETACULO-FRANKINHO-scaled.jpeg 920w, https:\/\/www.treslagoas.ms.gov.br\/wp-content\/uploads\/2023\/10\/ESPETACULO-FRANKINHO-300x300.jpeg 300w, https:\/\/www.treslagoas.ms.gov.br\/wp-content\/uploads\/2023\/10\/ESPETACULO-FRANKINHO-150x150.jpeg 150w, https:\/\/www.treslagoas.ms.gov.br\/wp-content\/uploads\/2023\/10\/ESPETACULO-FRANKINHO-768x768.jpeg 768w, https:\/\/www.treslagoas.ms.gov.br\/wp-content\/uploads\/2023\/10\/ESPETACULO-FRANKINHO-187x187.jpeg 187w, https:\/\/www.treslagoas.ms.gov.br\/wp-content\/uploads\/2023\/10\/ESPETACULO-FRANKINHO-600x600.jpeg 600w, https:\/\/www.treslagoas.ms.gov.br\/wp-content\/uploads\/2023\/10\/ESPETACULO-FRANKINHO-100x100.jpeg 100w\" data-src=\"https:\/\/www.treslagoas.ms.gov.br\/wp-content\/uploads\/2023\/10\/ESPETACULO-FRANKINHO-920x920.jpeg\" data-sizes=\"(max-width: 920px) 100vw, 920px\" \/><\/figure>\n","protected":false},"excerpt":{"rendered":"<p>Tr\u00eas Lagoas recebe neste s\u00e1bado (28 de outubro), o programa Divers\u00e3o em Cena, O premiado grupo Projeto Gompa apresentar\u00e1 o espet\u00e1culo Frankinh@ \u2014 uma hist\u00f3ria em pedacinhos, vencedor do Pr\u00eamio SESC de Artes C\u00eanicas, no Galp\u00e3o da NOB, em duas sess\u00f5es gratuitas \u00e0s 16 e 18 horas. A atra\u00e7\u00e3o mescla teatro, dan\u00e7a, narra\u00e7\u00e3o e m\u00fasica [&hellip;]<\/p>\n","protected":false},"author":2,"featured_media":22750,"comment_status":"open","ping_status":"open","sticky":false,"template":"","format":"standard","meta":{"om_disable_all_campaigns":false,"_monsterinsights_skip_tracking":false,"_monsterinsights_sitenote_active":false,"_monsterinsights_sitenote_note":"","_monsterinsights_sitenote_category":0,"footnotes":""},"categories":[35,36,48],"tags":[],"aioseo_notices":[],"_links":{"self":[{"href":"https:\/\/expressaoms.com.br\/index.php\/wp-json\/wp\/v2\/posts\/22749"}],"collection":[{"href":"https:\/\/expressaoms.com.br\/index.php\/wp-json\/wp\/v2\/posts"}],"about":[{"href":"https:\/\/expressaoms.com.br\/index.php\/wp-json\/wp\/v2\/types\/post"}],"author":[{"embeddable":true,"href":"https:\/\/expressaoms.com.br\/index.php\/wp-json\/wp\/v2\/users\/2"}],"replies":[{"embeddable":true,"href":"https:\/\/expressaoms.com.br\/index.php\/wp-json\/wp\/v2\/comments?post=22749"}],"version-history":[{"count":1,"href":"https:\/\/expressaoms.com.br\/index.php\/wp-json\/wp\/v2\/posts\/22749\/revisions"}],"predecessor-version":[{"id":22751,"href":"https:\/\/expressaoms.com.br\/index.php\/wp-json\/wp\/v2\/posts\/22749\/revisions\/22751"}],"wp:featuredmedia":[{"embeddable":true,"href":"https:\/\/expressaoms.com.br\/index.php\/wp-json\/wp\/v2\/media\/22750"}],"wp:attachment":[{"href":"https:\/\/expressaoms.com.br\/index.php\/wp-json\/wp\/v2\/media?parent=22749"}],"wp:term":[{"taxonomy":"category","embeddable":true,"href":"https:\/\/expressaoms.com.br\/index.php\/wp-json\/wp\/v2\/categories?post=22749"},{"taxonomy":"post_tag","embeddable":true,"href":"https:\/\/expressaoms.com.br\/index.php\/wp-json\/wp\/v2\/tags?post=22749"}],"curies":[{"name":"wp","href":"https:\/\/api.w.org\/{rel}","templated":true}]}}