{"id":22776,"date":"2023-10-25T08:56:48","date_gmt":"2023-10-25T11:56:48","guid":{"rendered":"https:\/\/expressaoms.com.br\/?p=22776"},"modified":"2023-10-25T08:56:48","modified_gmt":"2023-10-25T11:56:48","slug":"equipe-da-sedect-recebe-o-superintendente-de-economia-criativa-do-estado-de-mato-grosso-do-sul","status":"publish","type":"post","link":"https:\/\/expressaoms.com.br\/index.php\/2023\/10\/25\/equipe-da-sedect-recebe-o-superintendente-de-economia-criativa-do-estado-de-mato-grosso-do-sul\/","title":{"rendered":"Equipe da SEDECT recebe o superintendente de Economia Criativa do Estado de Mato Grosso do Sul"},"content":{"rendered":"<p data-raofz=\"16\">O Secret\u00e1rio de Desenvolvimento Econ\u00f4mico, Ci\u00eancia e Tecnologia de Tr\u00eas Lagoas (SEDECT), Jos\u00e9 Aparecido de Moraes, juntamente com a sua equipe, receberam na manh\u00e3 desta ter\u00e7a-feira (24 de outubro), no gabinete do Prefeito, o superintendente de Economia Criativa do Estado de Mato Grosso do Sul, D\u00e9cio Coutinho e sua equipe.<\/p>\n<p data-raofz=\"16\">O foco a pauta foi sobre o Programa MS+ Criativo, lan\u00e7ado na noite de ontem (23 de outubro) na sede do Sebrae Tr\u00eas Lagoas, sendo este o \u00faltimo encontro regional de oito realizados pelo Estado. Al\u00e9m disso, o projeto tem o intuito de ser o primeiro estado do pa\u00eds a elaborar, coletivamente, um Plano de Economia Criativa.<\/p>\n<p data-raofz=\"16\">A a\u00e7\u00e3o, que \u00e9 uma parceria do Sebrae\/MS com o Governo do Estado e a Prefeitura de Tr\u00eas Lagoas, tem como foco o fomento da cultura local, bem como o desenvolvimento econ\u00f4mico e social por meio de pr\u00e1ticas que envolvem tecnologia, inova\u00e7\u00e3o e muita criatividade, permitindo o fortalecimento da coletividade.<\/p>\n<p data-raofz=\"16\">Para que este plano seja o reflexo da sociedade, foi agendado para o dia 28 de novembro um encontro onde as necessidades da Regi\u00e3o da Costa Leste do Estado ser\u00e3o discutidas pelos participantes, para assim seja parte do Plano Estadual de Economia Criativa de Mato Grosso do Sul.<\/p>\n<p data-raofz=\"16\">A diretora de Turismo, Lidiane Ferreira, estava na reuni\u00e3o de hoje e destacou a import\u00e2ncia da participa\u00e7\u00e3o dos empreendedores no encontro. \u201cSer\u00e1 um dia de imers\u00e3o, onde os participantes poder\u00e3o expor suas necessidades e anseios para que estes possam ser acrescidos no planejamento\u201d. A diretora enfatizou que a import\u00e2ncia da participa\u00e7\u00e3o das pessoas criativas \u00e9 essencial para o sucesso do projeto.<\/p>\n<p data-raofz=\"16\">Moraes, por sua vez, destacou que o intuito \u00e9 que todas essas etapas gerem uma Lei e, essa, ter\u00e1 como base o que \u00e9 necess\u00e1rio para o desenvolvimento econ\u00f4mico e social. \u201cDesta forma, temos que aproveitar a oportunidade e participar, para fortalecer nossa identidade. Ent\u00e3o, convidamos todos os agentes culturais e empreendedores da regi\u00e3o da Costa Leste para fazer parte desta constru\u00e7\u00e3o.\u201d<\/p>\n","protected":false},"excerpt":{"rendered":"<p>O Secret\u00e1rio de Desenvolvimento Econ\u00f4mico, Ci\u00eancia e Tecnologia de Tr\u00eas Lagoas (SEDECT), Jos\u00e9 Aparecido de Moraes, juntamente com a sua equipe, receberam na manh\u00e3 desta ter\u00e7a-feira (24 de outubro), no gabinete do Prefeito, o superintendente de Economia Criativa do Estado de Mato Grosso do Sul, D\u00e9cio Coutinho e sua equipe. O foco a pauta foi [&hellip;]<\/p>\n","protected":false},"author":2,"featured_media":22777,"comment_status":"open","ping_status":"open","sticky":false,"template":"","format":"standard","meta":{"om_disable_all_campaigns":false,"_monsterinsights_skip_tracking":false,"_monsterinsights_sitenote_active":false,"_monsterinsights_sitenote_note":"","_monsterinsights_sitenote_category":0,"footnotes":""},"categories":[36,48],"tags":[],"aioseo_notices":[],"_links":{"self":[{"href":"https:\/\/expressaoms.com.br\/index.php\/wp-json\/wp\/v2\/posts\/22776"}],"collection":[{"href":"https:\/\/expressaoms.com.br\/index.php\/wp-json\/wp\/v2\/posts"}],"about":[{"href":"https:\/\/expressaoms.com.br\/index.php\/wp-json\/wp\/v2\/types\/post"}],"author":[{"embeddable":true,"href":"https:\/\/expressaoms.com.br\/index.php\/wp-json\/wp\/v2\/users\/2"}],"replies":[{"embeddable":true,"href":"https:\/\/expressaoms.com.br\/index.php\/wp-json\/wp\/v2\/comments?post=22776"}],"version-history":[{"count":1,"href":"https:\/\/expressaoms.com.br\/index.php\/wp-json\/wp\/v2\/posts\/22776\/revisions"}],"predecessor-version":[{"id":22778,"href":"https:\/\/expressaoms.com.br\/index.php\/wp-json\/wp\/v2\/posts\/22776\/revisions\/22778"}],"wp:featuredmedia":[{"embeddable":true,"href":"https:\/\/expressaoms.com.br\/index.php\/wp-json\/wp\/v2\/media\/22777"}],"wp:attachment":[{"href":"https:\/\/expressaoms.com.br\/index.php\/wp-json\/wp\/v2\/media?parent=22776"}],"wp:term":[{"taxonomy":"category","embeddable":true,"href":"https:\/\/expressaoms.com.br\/index.php\/wp-json\/wp\/v2\/categories?post=22776"},{"taxonomy":"post_tag","embeddable":true,"href":"https:\/\/expressaoms.com.br\/index.php\/wp-json\/wp\/v2\/tags?post=22776"}],"curies":[{"name":"wp","href":"https:\/\/api.w.org\/{rel}","templated":true}]}}