{"id":22854,"date":"2023-10-27T10:21:35","date_gmt":"2023-10-27T13:21:35","guid":{"rendered":"https:\/\/expressaoms.com.br\/?p=22854"},"modified":"2023-10-27T10:21:35","modified_gmt":"2023-10-27T13:21:35","slug":"semea-realiza-blitz-educativa-em-alusao-a-semana-lixo-zero","status":"publish","type":"post","link":"https:\/\/expressaoms.com.br\/index.php\/2023\/10\/27\/semea-realiza-blitz-educativa-em-alusao-a-semana-lixo-zero\/","title":{"rendered":"SEMEA realiza blitz educativa em alus\u00e3o \u00e0 Semana \u201cLixo Zero\u201d"},"content":{"rendered":"<p data-raofz=\"16\">A Equipe de Educa\u00e7\u00e3o Ambiental da Secretaria Municipal de Meio Ambiente e Agroneg\u00f3cio (SEMEA) em parceria com o Departamento de Tr\u00e2nsito da Secretaria Municipal de Infraestrutura, Transporte e Tr\u00e2nsito (SEINTRA), realizaram na manh\u00e3 desta quinta-feira (26 de outubro) uma blitz educativa com o objetivo de orientar os motoristas a respeito do descarte correto do lixo, a fim de evitar acidentes e proteger os coletores de lixo.<\/p>\n<p data-raofz=\"16\">A Blitz aconteceu na Rua Alexandre Costa, nas proximidades da Biblioteca Municipal, e na oportunidade os motoristas abordados foram orientados sobre a import\u00e2ncia de se embalar de maneira adequada lixos perfurocortantes, al\u00e9m de fixar avisos nos sacos que contem estes materiais. Na oportunidade os motoristas tamb\u00e9m receberam materiais informativos, tamb\u00e9m foram entregues os sacos verdes e squeezes.<\/p>\n<p data-raofz=\"16\">A a\u00e7\u00e3o faz parte da Semana do \u201cLixo Zero\u201d, projeto, que tem n\u00edvel nacional, e visa a conscientiza\u00e7\u00e3o sobre a necessidade do m\u00e1ximo aproveitamento e do correto encaminhamento dos res\u00edduos recicl\u00e1veis e org\u00e2nicos e a redu\u00e7\u00e3o \u2013 ou mesmo o fim \u2013 do encaminhamento destes materiais para os aterros sanit\u00e1rios e\\ou para a incinera\u00e7\u00e3o.<\/p>\n<p data-raofz=\"16\">As a\u00e7\u00f5es acontecem durante toda a semana e este ano a SEMEA tamb\u00e9m est\u00e1 realizando o recebimento de lixo eletr\u00f4nico. Os interessados podem fazer o descarte adequado do material no caminh\u00e3o da empresa Recic.Le que vai estar estacionado na esplanada da NOB de segunda a sexta das 8h \u00e0s 17h.<\/p>\n","protected":false},"excerpt":{"rendered":"<p>A Equipe de Educa\u00e7\u00e3o Ambiental da Secretaria Municipal de Meio Ambiente e Agroneg\u00f3cio (SEMEA) em parceria com o Departamento de Tr\u00e2nsito da Secretaria Municipal de Infraestrutura, Transporte e Tr\u00e2nsito (SEINTRA), realizaram na manh\u00e3 desta quinta-feira (26 de outubro) uma blitz educativa com o objetivo de orientar os motoristas a respeito do descarte correto do lixo, [&hellip;]<\/p>\n","protected":false},"author":2,"featured_media":22855,"comment_status":"open","ping_status":"open","sticky":false,"template":"","format":"standard","meta":{"om_disable_all_campaigns":false,"_monsterinsights_skip_tracking":false,"_monsterinsights_sitenote_active":false,"_monsterinsights_sitenote_note":"","_monsterinsights_sitenote_category":0,"footnotes":""},"categories":[36,38,323,48],"tags":[],"aioseo_notices":[],"_links":{"self":[{"href":"https:\/\/expressaoms.com.br\/index.php\/wp-json\/wp\/v2\/posts\/22854"}],"collection":[{"href":"https:\/\/expressaoms.com.br\/index.php\/wp-json\/wp\/v2\/posts"}],"about":[{"href":"https:\/\/expressaoms.com.br\/index.php\/wp-json\/wp\/v2\/types\/post"}],"author":[{"embeddable":true,"href":"https:\/\/expressaoms.com.br\/index.php\/wp-json\/wp\/v2\/users\/2"}],"replies":[{"embeddable":true,"href":"https:\/\/expressaoms.com.br\/index.php\/wp-json\/wp\/v2\/comments?post=22854"}],"version-history":[{"count":1,"href":"https:\/\/expressaoms.com.br\/index.php\/wp-json\/wp\/v2\/posts\/22854\/revisions"}],"predecessor-version":[{"id":22856,"href":"https:\/\/expressaoms.com.br\/index.php\/wp-json\/wp\/v2\/posts\/22854\/revisions\/22856"}],"wp:featuredmedia":[{"embeddable":true,"href":"https:\/\/expressaoms.com.br\/index.php\/wp-json\/wp\/v2\/media\/22855"}],"wp:attachment":[{"href":"https:\/\/expressaoms.com.br\/index.php\/wp-json\/wp\/v2\/media?parent=22854"}],"wp:term":[{"taxonomy":"category","embeddable":true,"href":"https:\/\/expressaoms.com.br\/index.php\/wp-json\/wp\/v2\/categories?post=22854"},{"taxonomy":"post_tag","embeddable":true,"href":"https:\/\/expressaoms.com.br\/index.php\/wp-json\/wp\/v2\/tags?post=22854"}],"curies":[{"name":"wp","href":"https:\/\/api.w.org\/{rel}","templated":true}]}}