{"id":2295,"date":"2021-11-17T09:17:41","date_gmt":"2021-11-17T12:17:41","guid":{"rendered":"https:\/\/expressaoms.com.br\/?p=2295"},"modified":"2021-11-17T09:17:41","modified_gmt":"2021-11-17T12:17:41","slug":"avanco-de-frente-fria-mantem-tempo-instavel-nesta-quarta-em-mato-grosso-do-sul","status":"publish","type":"post","link":"https:\/\/expressaoms.com.br\/index.php\/2021\/11\/17\/avanco-de-frente-fria-mantem-tempo-instavel-nesta-quarta-em-mato-grosso-do-sul\/","title":{"rendered":"Avan\u00e7o de frente fria mant\u00e9m tempo inst\u00e1vel nesta quarta em Mato Grosso do Sul"},"content":{"rendered":"<p data-uw-styling-context=\"true\">O Centro de Monitoramento do Tempo e do Clima (Cemtec) mant\u00e9m, para esta quarta-feira (17), a previs\u00e3o de tempo inst\u00e1vel em Mato Grosso do Sul devido o avan\u00e7o de uma frente fria.<\/p>\n<p data-uw-styling-context=\"true\">Existe a probabilidade de chuvas intensas e tempestades acompanhadas de raios, rajadas de vento e eventual queda de granizo at\u00e9 quinta-feira (18), principalmente nas regi\u00f5es sudeste, centro-norte e leste.<\/p>\n<p data-uw-styling-context=\"true\">Em Campo Grande, durante todo o dia e noite a previs\u00e3o \u00e9 de c\u00e9u com muitas nuvens e chuva isolada e os term\u00f4metros devem registrar m\u00ednima de 21\u00b0C e m\u00e1xima de 26\u00b0C. Apesar da previs\u00e3o de chuvas para a regi\u00e3o leste, a m\u00e1xima por l\u00e1 pode alcan\u00e7ar os 31\u00b0C.<\/p>\n<p data-uw-styling-context=\"true\">Veja abaixo o mapa elaborado pelo Cemtec com a previs\u00e3o de tempo e temperatura para a capital e alguns munic\u00edpios do interior do Estado.<\/p>\n<p data-uw-styling-context=\"true\"><img fetchpriority=\"high\" decoding=\"async\" class=\"alignnone size-medium wp-image-2296\" src=\"https:\/\/expressaoms.com.br\/wp-content\/uploads\/2021\/11\/previsao-1711-300x226.png\" alt=\"\" width=\"300\" height=\"226\" srcset=\"https:\/\/expressaoms.com.br\/wp-content\/uploads\/2021\/11\/previsao-1711-300x226.png 300w, https:\/\/expressaoms.com.br\/wp-content\/uploads\/2021\/11\/previsao-1711.png 514w\" sizes=\"(max-width: 300px) 100vw, 300px\" \/><\/p>\n","protected":false},"excerpt":{"rendered":"<p>O Centro de Monitoramento do Tempo e do Clima (Cemtec) mant\u00e9m, para esta quarta-feira (17), a previs\u00e3o de tempo inst\u00e1vel em Mato Grosso do Sul devido o avan\u00e7o de uma frente fria. Existe a probabilidade de chuvas intensas e tempestades acompanhadas de raios, rajadas de vento e eventual queda de granizo at\u00e9 quinta-feira (18), principalmente [&hellip;]<\/p>\n","protected":false},"author":3,"featured_media":2297,"comment_status":"open","ping_status":"open","sticky":false,"template":"","format":"standard","meta":{"om_disable_all_campaigns":false,"_monsterinsights_skip_tracking":false,"_monsterinsights_sitenote_active":false,"_monsterinsights_sitenote_note":"","_monsterinsights_sitenote_category":0,"footnotes":""},"categories":[36,47],"tags":[],"aioseo_notices":[],"_links":{"self":[{"href":"https:\/\/expressaoms.com.br\/index.php\/wp-json\/wp\/v2\/posts\/2295"}],"collection":[{"href":"https:\/\/expressaoms.com.br\/index.php\/wp-json\/wp\/v2\/posts"}],"about":[{"href":"https:\/\/expressaoms.com.br\/index.php\/wp-json\/wp\/v2\/types\/post"}],"author":[{"embeddable":true,"href":"https:\/\/expressaoms.com.br\/index.php\/wp-json\/wp\/v2\/users\/3"}],"replies":[{"embeddable":true,"href":"https:\/\/expressaoms.com.br\/index.php\/wp-json\/wp\/v2\/comments?post=2295"}],"version-history":[{"count":1,"href":"https:\/\/expressaoms.com.br\/index.php\/wp-json\/wp\/v2\/posts\/2295\/revisions"}],"predecessor-version":[{"id":2298,"href":"https:\/\/expressaoms.com.br\/index.php\/wp-json\/wp\/v2\/posts\/2295\/revisions\/2298"}],"wp:featuredmedia":[{"embeddable":true,"href":"https:\/\/expressaoms.com.br\/index.php\/wp-json\/wp\/v2\/media\/2297"}],"wp:attachment":[{"href":"https:\/\/expressaoms.com.br\/index.php\/wp-json\/wp\/v2\/media?parent=2295"}],"wp:term":[{"taxonomy":"category","embeddable":true,"href":"https:\/\/expressaoms.com.br\/index.php\/wp-json\/wp\/v2\/categories?post=2295"},{"taxonomy":"post_tag","embeddable":true,"href":"https:\/\/expressaoms.com.br\/index.php\/wp-json\/wp\/v2\/tags?post=2295"}],"curies":[{"name":"wp","href":"https:\/\/api.w.org\/{rel}","templated":true}]}}