{"id":23293,"date":"2023-11-13T17:08:43","date_gmt":"2023-11-13T20:08:43","guid":{"rendered":"https:\/\/expressaoms.com.br\/?p=23293"},"modified":"2023-11-13T17:08:43","modified_gmt":"2023-11-13T20:08:43","slug":"onda-de-calor-em-tres-lagoas-pode-marcar-recorde-de-temperatura-em-2023","status":"publish","type":"post","link":"https:\/\/expressaoms.com.br\/index.php\/2023\/11\/13\/onda-de-calor-em-tres-lagoas-pode-marcar-recorde-de-temperatura-em-2023\/","title":{"rendered":"Onda de calor em Tr\u00eas Lagoas pode marcar recorde de temperatura em 2023"},"content":{"rendered":"<p data-raofz=\"16\">O Instituto Nacional de Meteorologia (INMET) e a Defesa Civil de Tr\u00eas Lagoas alertam a popula\u00e7\u00e3o para uma intensa onda de calor que atinge o munic\u00edpio e que est\u00e1 elevando as temperaturas at\u00e9 os 43\u00baC, al\u00e9m da baixa umidade relativa do ar que atinge os patamares entre 10 % e 30% em grande parte do estado.<\/p>\n<p>De acordo com a previs\u00e3o do tempo, a atua\u00e7\u00e3o de uma massa de ar quente e seca deve se estender at\u00e9 o dia 20 deste m\u00eas; em conjunto, temos a atua\u00e7\u00e3o do El Ni\u00f1o que amplifica as altas temperaturas, e essa semana podem ocorrer os recordes de temperatura m\u00e1xima e umidade relativa do ar m\u00ednima em 2023. Essas condi\u00e7\u00f5es meteorol\u00f3gicas extremas tornam o ambiente atmosf\u00e9rico prop\u00edcio para a ocorr\u00eancia de inc\u00eandios florestais.<\/p>\n<p data-raofz=\"16\">Para se proteger, a Defesa Civil orienta que as pessoas se hidratem com frequ\u00eancia, principalmente idosos e crian\u00e7as, fa\u00e7am o uso de protetor solar, dar prefer\u00eancia para vestimentas mais leves, fazer alimenta\u00e7\u00e3o mais leve, dando prioridade para frescas, al\u00e9m de evitar a exposi\u00e7\u00e3o ao sol e a pr\u00e1tica de exerc\u00edcios ao ar livre em hor\u00e1rios mais cr\u00edticos do dia, entre as 10h e 16h.<\/p>\n<p><strong>Cuidado com os Pets<\/strong><\/p>\n<p>Aten\u00e7\u00e3o aos animais! Sempre deix\u00e1-los em local arejado e com sombra e disponibilizar \u00e1gua fresca com frequ\u00eancia. Al\u00e9m disso, deve-se evitar passeios, tanto devido ao calor extremo, quanto pela possibilidade de queimadura nas patas dos pets em asfaltos e concretos.<\/p>\n<p><strong>Alerta<\/strong><\/p>\n<p>Em virtude desta situa\u00e7\u00e3o a Defesa Civil \u201cALERTA E NOTIFICA\u201d a todas as institui\u00e7\u00f5es esportivas, pessoas f\u00edsicas ou jur\u00eddicas, da cidade que pretendem realizar eventos e ou competi\u00e7\u00f5es nesses dias que sejam tomadas todas as providencias para que os participantes tenham acesso \u00e0 \u00e1gua fresca, lugares de sombra e que se evite os hor\u00e1rios de pico de calor entre as 9:30 da manh\u00e3 \u00e1s 16 horas.<\/p>\n<p data-raofz=\"16\"><strong>Defesa Civil:<\/strong>\u00a0(67) 991848429\/ 199;<br \/>\n<strong>SEMEA:\u00a0<\/strong>(67) 9182-3258 \u2013 Em caso de queda de \u00e1rvore em via p\u00fablica;<br \/>\n<strong>Tr\u00e2nsito:<\/strong>\u00a0(67) 99221-7147;<br \/>\n<strong>Corpo de Bombeiros:\u00a0<\/strong>193;<br \/>\n<strong>Assist\u00eancia Social:<\/strong>\u00a0(67) 3929 1833 \/ 98139-0994.<\/p>\n","protected":false},"excerpt":{"rendered":"<p>O Instituto Nacional de Meteorologia (INMET) e a Defesa Civil de Tr\u00eas Lagoas alertam a popula\u00e7\u00e3o para uma intensa onda de calor que atinge o munic\u00edpio e que est\u00e1 elevando as temperaturas at\u00e9 os 43\u00baC, al\u00e9m da baixa umidade relativa do ar que atinge os patamares entre 10 % e 30% em grande parte do [&hellip;]<\/p>\n","protected":false},"author":3,"featured_media":23294,"comment_status":"open","ping_status":"open","sticky":false,"template":"","format":"standard","meta":{"om_disable_all_campaigns":false,"_monsterinsights_skip_tracking":false,"_monsterinsights_sitenote_active":false,"_monsterinsights_sitenote_note":"","_monsterinsights_sitenote_category":0,"footnotes":""},"categories":[322,30,36,47,48],"tags":[],"aioseo_notices":[],"_links":{"self":[{"href":"https:\/\/expressaoms.com.br\/index.php\/wp-json\/wp\/v2\/posts\/23293"}],"collection":[{"href":"https:\/\/expressaoms.com.br\/index.php\/wp-json\/wp\/v2\/posts"}],"about":[{"href":"https:\/\/expressaoms.com.br\/index.php\/wp-json\/wp\/v2\/types\/post"}],"author":[{"embeddable":true,"href":"https:\/\/expressaoms.com.br\/index.php\/wp-json\/wp\/v2\/users\/3"}],"replies":[{"embeddable":true,"href":"https:\/\/expressaoms.com.br\/index.php\/wp-json\/wp\/v2\/comments?post=23293"}],"version-history":[{"count":1,"href":"https:\/\/expressaoms.com.br\/index.php\/wp-json\/wp\/v2\/posts\/23293\/revisions"}],"predecessor-version":[{"id":23295,"href":"https:\/\/expressaoms.com.br\/index.php\/wp-json\/wp\/v2\/posts\/23293\/revisions\/23295"}],"wp:featuredmedia":[{"embeddable":true,"href":"https:\/\/expressaoms.com.br\/index.php\/wp-json\/wp\/v2\/media\/23294"}],"wp:attachment":[{"href":"https:\/\/expressaoms.com.br\/index.php\/wp-json\/wp\/v2\/media?parent=23293"}],"wp:term":[{"taxonomy":"category","embeddable":true,"href":"https:\/\/expressaoms.com.br\/index.php\/wp-json\/wp\/v2\/categories?post=23293"},{"taxonomy":"post_tag","embeddable":true,"href":"https:\/\/expressaoms.com.br\/index.php\/wp-json\/wp\/v2\/tags?post=23293"}],"curies":[{"name":"wp","href":"https:\/\/api.w.org\/{rel}","templated":true}]}}