{"id":2332,"date":"2021-11-17T20:07:10","date_gmt":"2021-11-17T23:07:10","guid":{"rendered":"https:\/\/expressaoms.com.br\/?p=2332"},"modified":"2021-11-17T20:07:10","modified_gmt":"2021-11-17T23:07:10","slug":"valorizacao-do-jovem-advogado-da-mulher-e-descentralizacao-do-poder-sao-propostas-de-rodrigo-e-isabelly","status":"publish","type":"post","link":"https:\/\/expressaoms.com.br\/index.php\/2021\/11\/17\/valorizacao-do-jovem-advogado-da-mulher-e-descentralizacao-do-poder-sao-propostas-de-rodrigo-e-isabelly\/","title":{"rendered":"Valoriza\u00e7\u00e3o do jovem advogado, da mulher e descentraliza\u00e7\u00e3o do poder s\u00e3o propostas de Rodrigo e Isabelly"},"content":{"rendered":"<p><strong><em>Candidato \u00e0 presid\u00eancia da Subse\u00e7\u00e3o da OAB Tr\u00eas Lagoas, Brasil\u00e2ndia e Selv\u00edria quer instituir o Conselho da Jovem Advocacia na subse\u00e7\u00e3o<\/em><\/strong><\/p>\n<p>&nbsp;<\/p>\n<p>O advogado <strong>Rodrigo Sirahata<\/strong>, que juntamente com a colega <strong>Isabelly Staut<\/strong> encabe\u00e7am a chapa <strong>#Todos pela Ordem<\/strong>, e concorrem \u00e0 presid\u00eancia da Subse\u00e7\u00e3o da OAB em Tr\u00eas Lagoas\/Selv\u00edria\/Brasil\u00e2ndia, quer implantar a descentraliza\u00e7\u00e3o do poder nas decis\u00f5es do Conselho da diretoria eleita para democratizar as decis\u00f5es da subse\u00e7\u00e3o a partir de 2022, o que segundo ele, n\u00e3o ocorre atualmente com a atual gest\u00e3o. As elei\u00e7\u00f5es para subse\u00e7\u00e3o e seccional ocorrem na pr\u00f3xima sexta-feira (19).<\/p>\n<p>Durante a campanha e no \u00fanico debate entre os candidatos concorrentes, Rodrigo enfatizou quest\u00f5es como das Prerrogativas dos advogados, que foi prometida e n\u00e3o ocorreu, ficando as decis\u00f5es sobre o assunto puramente nas m\u00e3os do atual presidente e seu vice, que agora concorre \u00e0 presid\u00eancia.<\/p>\n<p>\u201cAs decis\u00f5es importantes para nossa classe n\u00e3o podem ficar encasteladas em gabinete de presidente e vice, tem que ser democratizada, e a subse\u00e7\u00e3o tem que ir para as ruas e atuar onde os advogados est\u00e3o e n\u00e3o ficar fechada em gabinete e atendendo somente os aliados. A subse\u00e7\u00e3o tem que ser de todos os advogados\u201d, destacou Rodrigo.<\/p>\n<p>Projetos para auxiliar o jovem advogado em seu in\u00edcio de carreira, e de valoriza\u00e7\u00e3o das advogadas s\u00e3o compromissos assumidos por Rodrigo e Isabelly em suas propostas enviadas a todos os advogados da subse\u00e7\u00e3o. \u201cVamos implantar o Conselho da Jovem Advocacia, para que o novo advogado nos d\u00ea o norte de suas dificuldades para o auxiliar no que for preciso. Fiz quest\u00e3o de escolher uma mulher para ser minha vice, dividindo assim as responsabilidades de forma igualit\u00e1ria, n\u00e3o somente na forma\u00e7\u00e3o da chapa, mas reconhecendo de fato e na pr\u00e1tica a import\u00e2ncia da mulher na nossa subse\u00e7\u00e3o, e n\u00e3o ficando somente no discurso te\u00f3rico como vemos atualmente\u201d, disse o candidato.<\/p>\n<p>De acordo com o candidato da chapa <strong>#Todos pela Ordem<\/strong>, a atual gest\u00e3o n\u00e3o priorizou a atua\u00e7\u00e3o mais participativa das comiss\u00f5es instaladas na subse\u00e7\u00e3o, e fez com que a entidade deixasse sua importante fun\u00e7\u00e3o, de ser o farol da cidadania, se fazendo ouvir com imparcialidade e respeito pela sociedade, em assuntos relevantes como decis\u00f5es relacionadas ao Meio Ambiente, Viol\u00eancia Dom\u00e9stica, Defesa dos Idosos, Crian\u00e7a e Adolescentes, etc. \u201cVamos dar \u00e0s comiss\u00f5es tem\u00e1ticas a estrutura necess\u00e1ria para que funcionem concomitantemente \u00e0s atividades da subse\u00e7\u00e3o. Nossa ordem \u00e9 muito grande e importante para ficar encastelada em gabinete de presidente e alheia aos problemas da nossa sociedade\u201d, apontou Rodrigo.<\/p>\n<p><strong>Rodrigo e Isabelly<\/strong> apoiam para a Seccional a chapa encabe\u00e7ada pela advogada <strong>Raquel Magrini <\/strong>e<strong> Andr\u00e9 Xavier<\/strong>, que vem liderando todas as pesquisas de inten\u00e7\u00e3o de votos divulgadas nas \u00faltimas semanas, e foi considerada pela cr\u00edtica a vencedora do \u00fanico debate realizado entre os candidatos \u00e0 presid\u00eancia da Seccional realizado na semana passada.<\/p>\n<p>&nbsp;<\/p>\n<pre>Fonte: Assessoria de Imprensa<\/pre>\n","protected":false},"excerpt":{"rendered":"<p>Candidato \u00e0 presid\u00eancia da Subse\u00e7\u00e3o da OAB Tr\u00eas Lagoas, Brasil\u00e2ndia e Selv\u00edria quer instituir o Conselho da Jovem Advocacia na subse\u00e7\u00e3o &nbsp; O advogado Rodrigo Sirahata, que juntamente com a colega Isabelly Staut encabe\u00e7am a chapa #Todos pela Ordem, e concorrem \u00e0 presid\u00eancia da Subse\u00e7\u00e3o da OAB em Tr\u00eas Lagoas\/Selv\u00edria\/Brasil\u00e2ndia, quer implantar a descentraliza\u00e7\u00e3o do [&hellip;]<\/p>\n","protected":false},"author":3,"featured_media":2333,"comment_status":"open","ping_status":"open","sticky":false,"template":"","format":"standard","meta":{"om_disable_all_campaigns":false,"_monsterinsights_skip_tracking":false,"_monsterinsights_sitenote_active":false,"_monsterinsights_sitenote_note":"","_monsterinsights_sitenote_category":0,"footnotes":""},"categories":[42],"tags":[60,160,172],"aioseo_notices":[],"_links":{"self":[{"href":"https:\/\/expressaoms.com.br\/index.php\/wp-json\/wp\/v2\/posts\/2332"}],"collection":[{"href":"https:\/\/expressaoms.com.br\/index.php\/wp-json\/wp\/v2\/posts"}],"about":[{"href":"https:\/\/expressaoms.com.br\/index.php\/wp-json\/wp\/v2\/types\/post"}],"author":[{"embeddable":true,"href":"https:\/\/expressaoms.com.br\/index.php\/wp-json\/wp\/v2\/users\/3"}],"replies":[{"embeddable":true,"href":"https:\/\/expressaoms.com.br\/index.php\/wp-json\/wp\/v2\/comments?post=2332"}],"version-history":[{"count":1,"href":"https:\/\/expressaoms.com.br\/index.php\/wp-json\/wp\/v2\/posts\/2332\/revisions"}],"predecessor-version":[{"id":2334,"href":"https:\/\/expressaoms.com.br\/index.php\/wp-json\/wp\/v2\/posts\/2332\/revisions\/2334"}],"wp:featuredmedia":[{"embeddable":true,"href":"https:\/\/expressaoms.com.br\/index.php\/wp-json\/wp\/v2\/media\/2333"}],"wp:attachment":[{"href":"https:\/\/expressaoms.com.br\/index.php\/wp-json\/wp\/v2\/media?parent=2332"}],"wp:term":[{"taxonomy":"category","embeddable":true,"href":"https:\/\/expressaoms.com.br\/index.php\/wp-json\/wp\/v2\/categories?post=2332"},{"taxonomy":"post_tag","embeddable":true,"href":"https:\/\/expressaoms.com.br\/index.php\/wp-json\/wp\/v2\/tags?post=2332"}],"curies":[{"name":"wp","href":"https:\/\/api.w.org\/{rel}","templated":true}]}}