{"id":23384,"date":"2023-11-17T08:09:02","date_gmt":"2023-11-17T11:09:02","guid":{"rendered":"https:\/\/expressaoms.com.br\/?p=23384"},"modified":"2023-11-17T08:09:02","modified_gmt":"2023-11-17T11:09:02","slug":"podemos-deve-perder-ate-31-vereadores-caso-soraya-assuma-presidencia-em-ms","status":"publish","type":"post","link":"https:\/\/expressaoms.com.br\/index.php\/2023\/11\/17\/podemos-deve-perder-ate-31-vereadores-caso-soraya-assuma-presidencia-em-ms\/","title":{"rendered":"Podemos deve perder at\u00e9 31 vereadores caso Soraya assuma presid\u00eancia em MS"},"content":{"rendered":"<p>Caso a senadora Soraya Thronicke assuma mesmo a presid\u00eancia do Podemos em Mato Grosso do Sul no fim deste m\u00eas, o partido corre s\u00e9rio risco de perder pelo menos 31 dos 40 vereadores eleitos e ter ainda uma poss\u00edvel desfilia\u00e7\u00e3o em massa do diret\u00f3rio municipal de Campo Grande e da maioria dos demais 39 diret\u00f3rios no Estado.<\/p>\n<p>Segundo o Correio do Estado, a decis\u00e3o foi tomada durante reuni\u00e3o de mais de duas horas no diret\u00f3rio estadual do Podemos em Campo Grande, com a participa\u00e7\u00e3o do atual presidente, S\u00e9rgio Murilo, e de vereadores e militantes de v\u00e1rias partes de Mato Grosso do Sul.<\/p>\n<p>O motivo, conforme informa\u00e7\u00f5es obtidas pela reportagem, \u00e9 que os filiados com mandatos e os demais filiados ingressaram na legenda com a indica\u00e7\u00e3o de S\u00e9rgio Murilo, e a prov\u00e1vel troca de comando da sigla no Estado estaria sendo vista como uma trai\u00e7\u00e3o.<\/p>\n<p>Afinal, quando S\u00e9rgio Murilo assumiu o Podemos, o partido tinha apenas um vereador eleito e, em 2020, esse n\u00famero aumentou para 40. Al\u00e9m disso, foram eleitos dois prefeitos, em Aparecida do Taboado e em Santa Rita do Pardo, por\u00e9m, ambos j\u00e1 migraram para o PSDB.<\/p>\n<p>Outro dado interessante \u00e9 que a legenda tinha dois mil filiados e, atualmente, conta com 12 mil em 40 munic\u00edpios de Mato Grosso do Sul. Procurado pelo Correio do Estado, S\u00e9rgio Murilo confirmou a reuni\u00e3o, mas n\u00e3o quis dar detalhes, falando apenas que espera um comunicado oficial da executiva nacional sobre a troca de comando.<\/p>\n<p>\u201cFiquei sabendo que a senadora Soraya Thronicke vai assumir a presid\u00eancia do Podemos pela imprensa e preciso escutar isso da boca dela ou de algu\u00e9m da executiva nacional. Quando ela se filiou ao Podemos, as lideran\u00e7as nacionais da legenda tinham me dito que era para eu ficar tranquilo, que n\u00e3o abririam m\u00e3o de tudo aquilo que constru\u00ed \u00e0 frente do partido\u201d, declarou o atual presidente estadual.<\/p>\n<p>A reportagem verificou, junto a outros filiados ao Podemos, que o fato de a senadora assumir a presid\u00eancia da sigla pode desagregar tudo aquilo que foi constru\u00eddo ao longo dos anos no Estado. Eles citaram que \u00e9 bem prov\u00e1vel que ocorra o mesmo que aconteceu quando ela assumiu o comando do Uni\u00e3o Brasil, fruto da fus\u00e3o entre DEM e PSL.<\/p>\n<p>Na \u00e9poca, a maioria dos filiados com mandato, incluindo muitos prefeitos e vereadores que eram do DEM, migraram para outro partido porque n\u00e3o aceitaram o fato de a presid\u00eancia do novo partido ficar nas m\u00e3os de uma pessoa sem base pol\u00edtica e estando ainda em seu primeiro mandato.<\/p>\n<p>Outro agravante para a prov\u00e1vel debandada de filiados do Podemos seria a possibilidade de a legenda formar uma federa\u00e7\u00e3o com o PSDB, o que, em Mato Grosso do Sul, significaria o n\u00e3o lan\u00e7amento de candidatos na majorit\u00e1ria em benef\u00edcio de nomes do ninho tucano.<\/p>\n<p>De acordo com esses militantes, al\u00e9m de a senadora Soraya Thronicke ser uma lideran\u00e7a t\u00f3xica, que destr\u00f3i tudo em que p\u00f5e as m\u00e3os, uma alian\u00e7a entre o Podemos e o PSDB em n\u00edvel nacional resultaria no enfraquecimento da legenda em Mato Grosso do Sul.<\/p>\n<p>Para eles, a executiva nacional n\u00e3o teve escr\u00fapulos ao abrir m\u00e3o do diret\u00f3rio estadual para fechar essa poss\u00edvel alian\u00e7a com os tucanos, pois, em muitos munic\u00edpios do Estado, como Ang\u00e9lica e Selv\u00edria, caso o Podemos n\u00e3o possa lan\u00e7ar candidatos a prefeito, o PSDB ter\u00e1 candidatura \u00fanica na majorit\u00e1ria.<\/p>\n<p>J\u00e1 S\u00e9rgio Murilo disse que, confirmada a troca de comando, n\u00e3o ter\u00e1 mais motivos para ficar no Podemos. \u201cO meu projeto para 2024 era lan\u00e7ar candidatos a prefeito nos 40 munic\u00edpios onde temos diret\u00f3rios. Agora, devo repensar minha trajet\u00f3ria pol\u00edtica, pois meus planos s\u00e3o para 2026, quando posso tentar uma cadeira como deputado estadual ou federal. Vou me estruturar politicamente\u201d, projetou.<\/p>\n<p>Sobre o fato de os vereadores realmente decidirem deixar o Podemos, S\u00e9rgio Murilo explicou que, como a janela partid\u00e1ria abre no pr\u00f3ximo ano, por conta das elei\u00e7\u00f5es municipais, eles n\u00e3o ter\u00e3o problemas. J\u00e1 quanto ao deputado estadual Rinaldo Modesto, \u00fanico do partido no Estado, a alternativa para a troca partid\u00e1ria seria a expuls\u00e3o ou esperar a janela de 2026.<\/p>\n<p>A assessoria de imprensa da senadora Soraya Thronicke foi procurada, mas informou apenas que ela vai mesmo assumir a presid\u00eancia do partido nos pr\u00f3ximos dias. Ainda conforme a assessoria, a parlamentar n\u00e3o pretende comentar a prov\u00e1vel debandada de filiados quando ela assumir o comando da sigla.<\/p>\n<p>&nbsp;<\/p>\n<pre>Fonte: Correio do Estado<\/pre>\n","protected":false},"excerpt":{"rendered":"<p>Caso a senadora Soraya Thronicke assuma mesmo a presid\u00eancia do Podemos em Mato Grosso do Sul no fim deste m\u00eas, o partido corre s\u00e9rio risco de perder pelo menos 31 dos 40 vereadores eleitos e ter ainda uma poss\u00edvel desfilia\u00e7\u00e3o em massa do diret\u00f3rio municipal de Campo Grande e da maioria dos demais 39 diret\u00f3rios [&hellip;]<\/p>\n","protected":false},"author":3,"featured_media":23385,"comment_status":"open","ping_status":"open","sticky":false,"template":"","format":"standard","meta":{"om_disable_all_campaigns":false,"_monsterinsights_skip_tracking":false,"_monsterinsights_sitenote_active":false,"_monsterinsights_sitenote_note":"","_monsterinsights_sitenote_category":0,"footnotes":""},"categories":[30,266,42],"tags":[],"aioseo_notices":[],"_links":{"self":[{"href":"https:\/\/expressaoms.com.br\/index.php\/wp-json\/wp\/v2\/posts\/23384"}],"collection":[{"href":"https:\/\/expressaoms.com.br\/index.php\/wp-json\/wp\/v2\/posts"}],"about":[{"href":"https:\/\/expressaoms.com.br\/index.php\/wp-json\/wp\/v2\/types\/post"}],"author":[{"embeddable":true,"href":"https:\/\/expressaoms.com.br\/index.php\/wp-json\/wp\/v2\/users\/3"}],"replies":[{"embeddable":true,"href":"https:\/\/expressaoms.com.br\/index.php\/wp-json\/wp\/v2\/comments?post=23384"}],"version-history":[{"count":1,"href":"https:\/\/expressaoms.com.br\/index.php\/wp-json\/wp\/v2\/posts\/23384\/revisions"}],"predecessor-version":[{"id":23386,"href":"https:\/\/expressaoms.com.br\/index.php\/wp-json\/wp\/v2\/posts\/23384\/revisions\/23386"}],"wp:featuredmedia":[{"embeddable":true,"href":"https:\/\/expressaoms.com.br\/index.php\/wp-json\/wp\/v2\/media\/23385"}],"wp:attachment":[{"href":"https:\/\/expressaoms.com.br\/index.php\/wp-json\/wp\/v2\/media?parent=23384"}],"wp:term":[{"taxonomy":"category","embeddable":true,"href":"https:\/\/expressaoms.com.br\/index.php\/wp-json\/wp\/v2\/categories?post=23384"},{"taxonomy":"post_tag","embeddable":true,"href":"https:\/\/expressaoms.com.br\/index.php\/wp-json\/wp\/v2\/tags?post=23384"}],"curies":[{"name":"wp","href":"https:\/\/api.w.org\/{rel}","templated":true}]}}