{"id":23406,"date":"2023-11-17T12:45:51","date_gmt":"2023-11-17T15:45:51","guid":{"rendered":"https:\/\/expressaoms.com.br\/?p=23406"},"modified":"2023-11-17T12:45:51","modified_gmt":"2023-11-17T15:45:51","slug":"diversao-em-cena-espetaculo-gratuito-o-guarda-historias-joao-e-o-pe-de-feijao-acontece-neste-domingo-19","status":"publish","type":"post","link":"https:\/\/expressaoms.com.br\/index.php\/2023\/11\/17\/diversao-em-cena-espetaculo-gratuito-o-guarda-historias-joao-e-o-pe-de-feijao-acontece-neste-domingo-19\/","title":{"rendered":"DIVERS\u00c3O EM CENA \u2013 Espet\u00e1culo gratuito \u201cO guarda-hist\u00f3rias \u2013 Jo\u00e3o e o p\u00e9 de feij\u00e3o\u201d acontece neste domingo (19)"},"content":{"rendered":"<p data-raofz=\"16\">O Galp\u00e3o da NOB recebe neste domingo (19 de novembro) mais uma atra\u00e7\u00e3o cultural gratuita para os tr\u00eas-lagoenses, o espet\u00e1culo \u201cO guarda-hist\u00f3rias \u2013 Jo\u00e3o e o p\u00e9 de feij\u00e3o\u201d do projeto Divers\u00e3o em Cena, com in\u00edcio \u00e0s 16h.<\/p>\n<p data-raofz=\"16\">A pe\u00e7a tem dura\u00e7\u00e3o de 50 minutos, entrada gratuita e classifica\u00e7\u00e3o et\u00e1ria de 4 anos. A temporada 2023 do Divers\u00e3o em Cena faz parte das a\u00e7\u00f5es comemorativas pelos 35 anos da Funda\u00e7\u00e3o ArcelorMittal.<\/p>\n<p data-raofz=\"16\"><strong>SINOPSE<\/strong><\/p>\n<p data-raofz=\"16\">Jo\u00e3o \u00e9 um garoto que vive com sua m\u00e3e num casebre. Eles enfrentam dificuldades financeiras e precisam vender tudo o que t\u00eam, incluindo a melhor amiga de Jo\u00e3o, uma vaquinha chamada Leiteira. No caminho at\u00e9 a feira da cidade, Jo\u00e3o \u00e9 abordado por um anci\u00e3o que oferece alguns feij\u00f5es, que diz serem m\u00e1gicos, como pagamento pela vaquinha. Convencido de que est\u00e1 fazendo um bom neg\u00f3cio, ele a troca pelos feij\u00f5es, deixa sua m\u00e3e muito furiosa. Tristonho, Jo\u00e3o acaba jogando os feij\u00f5es fora. Mas, bastou uma chuva para mostrar que os feij\u00f5es realmente eram m\u00e1gicos e aqueles gr\u00e3os se transformaram em um gigantesco p\u00e9 de feij\u00e3o. Curioso, Jo\u00e3o escala at\u00e9 chegar ao c\u00e9u, onde conhece a ador\u00e1vel \u201cEsposa\u201d de um terr\u00edvel gigante.<\/p>\n<p data-raofz=\"16\"><strong>SERVI\u00c7O<\/strong><\/p>\n<p data-raofz=\"16\">Espet\u00e1culo \u201cO guarda-hist\u00f3rias \u2013 Jo\u00e3o e o p\u00e9 de feij\u00e3o\u201d<\/p>\n<p data-raofz=\"16\">Entrada gratuita<\/p>\n<p data-raofz=\"16\">Data: 19 de novembro (domingo)<\/p>\n<p data-raofz=\"16\">Hor\u00e1rio: 16h<\/p>\n<p data-raofz=\"16\">Local: Galp\u00e3o da NOB<\/p>\n<p data-raofz=\"16\">Endere\u00e7o: Avenida Rosario Congro, centro \u2013 Ao lado da Diretoria de Cultura<\/p>\n<p data-raofz=\"16\">Dura\u00e7\u00e3o: 50 minutos<\/p>\n<p data-raofz=\"16\">Classifica\u00e7\u00e3o: A partir de 4 anos<\/p>\n","protected":false},"excerpt":{"rendered":"<p>O Galp\u00e3o da NOB recebe neste domingo (19 de novembro) mais uma atra\u00e7\u00e3o cultural gratuita para os tr\u00eas-lagoenses, o espet\u00e1culo \u201cO guarda-hist\u00f3rias \u2013 Jo\u00e3o e o p\u00e9 de feij\u00e3o\u201d do projeto Divers\u00e3o em Cena, com in\u00edcio \u00e0s 16h. A pe\u00e7a tem dura\u00e7\u00e3o de 50 minutos, entrada gratuita e classifica\u00e7\u00e3o et\u00e1ria de 4 anos. A temporada [&hellip;]<\/p>\n","protected":false},"author":2,"featured_media":23407,"comment_status":"open","ping_status":"open","sticky":false,"template":"","format":"standard","meta":{"om_disable_all_campaigns":false,"_monsterinsights_skip_tracking":false,"_monsterinsights_sitenote_active":false,"_monsterinsights_sitenote_note":"","_monsterinsights_sitenote_category":0,"footnotes":""},"categories":[35,36,48],"tags":[],"aioseo_notices":[],"_links":{"self":[{"href":"https:\/\/expressaoms.com.br\/index.php\/wp-json\/wp\/v2\/posts\/23406"}],"collection":[{"href":"https:\/\/expressaoms.com.br\/index.php\/wp-json\/wp\/v2\/posts"}],"about":[{"href":"https:\/\/expressaoms.com.br\/index.php\/wp-json\/wp\/v2\/types\/post"}],"author":[{"embeddable":true,"href":"https:\/\/expressaoms.com.br\/index.php\/wp-json\/wp\/v2\/users\/2"}],"replies":[{"embeddable":true,"href":"https:\/\/expressaoms.com.br\/index.php\/wp-json\/wp\/v2\/comments?post=23406"}],"version-history":[{"count":1,"href":"https:\/\/expressaoms.com.br\/index.php\/wp-json\/wp\/v2\/posts\/23406\/revisions"}],"predecessor-version":[{"id":23408,"href":"https:\/\/expressaoms.com.br\/index.php\/wp-json\/wp\/v2\/posts\/23406\/revisions\/23408"}],"wp:featuredmedia":[{"embeddable":true,"href":"https:\/\/expressaoms.com.br\/index.php\/wp-json\/wp\/v2\/media\/23407"}],"wp:attachment":[{"href":"https:\/\/expressaoms.com.br\/index.php\/wp-json\/wp\/v2\/media?parent=23406"}],"wp:term":[{"taxonomy":"category","embeddable":true,"href":"https:\/\/expressaoms.com.br\/index.php\/wp-json\/wp\/v2\/categories?post=23406"},{"taxonomy":"post_tag","embeddable":true,"href":"https:\/\/expressaoms.com.br\/index.php\/wp-json\/wp\/v2\/tags?post=23406"}],"curies":[{"name":"wp","href":"https:\/\/api.w.org\/{rel}","templated":true}]}}