{"id":23427,"date":"2023-11-17T14:09:57","date_gmt":"2023-11-17T17:09:57","guid":{"rendered":"https:\/\/expressaoms.com.br\/?p=23427"},"modified":"2023-11-17T14:09:57","modified_gmt":"2023-11-17T17:09:57","slug":"individuo-de-57-anos-e-detido-por-importunacao-sexual-e-posse-irregular-de-arma-de-fogo-em-tres-lagoas","status":"publish","type":"post","link":"https:\/\/expressaoms.com.br\/index.php\/2023\/11\/17\/individuo-de-57-anos-e-detido-por-importunacao-sexual-e-posse-irregular-de-arma-de-fogo-em-tres-lagoas\/","title":{"rendered":"Indiv\u00edduo de 57 anos \u00e9 detido por importuna\u00e7\u00e3o sexual e posse irregular de arma de fogo em Tr\u00eas Lagoas"},"content":{"rendered":"<p>Nesta quinta-feira (16), em Tr\u00eas Lagoas, as for\u00e7as policiais do 2\u00ba Batalh\u00e3o de Pol\u00edcia Militar realizaram a pris\u00e3o de um homem de 57 anos. O indiv\u00edduo foi detido sob acusa\u00e7\u00f5es de importuna\u00e7\u00e3o sexual e posse irregular de arma de fogo, ap\u00f3s uma ocorr\u00eancia reportada no bairro Novo Ipanema.<\/p>\n<p>\u00c0s 20h da \u00faltima quinta-feira, uma equipe da For\u00e7a T\u00e1tica do 2\u00ba BPM foi acionada para dar suporte ao Conselho Tutelar, respondendo a um chamado relacionado a um crime contra a liberdade sexual. Durante a entrevista com uma das v\u00edtimas, informa\u00e7\u00f5es cruciais surgiram indicando que o suspeito guardava uma arma de fogo em sua resid\u00eancia. A v\u00edtima entregou \u00e0 equipe policial a referida arma, juntamente com equipamentos utilizados em sua recarga.<\/p>\n<p>Ap\u00f3s a descoberta desses elementos, o suspeito foi prontamente detido no local. A voz de pris\u00e3o foi proferida e o indiv\u00edduo foi encaminhado \u00e0 Delegacia de Pol\u00edcia. L\u00e1, foi lavrado o flagrante pelos crimes de importuna\u00e7\u00e3o sexual e posse irregular de arma de fogo. Posteriormente, o detido foi encaminhado ao Pres\u00eddio de Seguran\u00e7a M\u00e9dia de Tr\u00eas Lagoas.<\/p>\n<p>A Assessoria de Comunica\u00e7\u00e3o Social do 2\u00ba BPM emitiu um comunicado confirmando a opera\u00e7\u00e3o policial e a pris\u00e3o do indiv\u00edduo em quest\u00e3o. O caso permanece em investiga\u00e7\u00e3o pelas autoridades competentes.<\/p>\n","protected":false},"excerpt":{"rendered":"<p>Nesta quinta-feira (16), em Tr\u00eas Lagoas, as for\u00e7as policiais do 2\u00ba Batalh\u00e3o de Pol\u00edcia Militar realizaram a pris\u00e3o de um homem de 57 anos. O indiv\u00edduo foi detido sob acusa\u00e7\u00f5es de importuna\u00e7\u00e3o sexual e posse irregular de arma de fogo, ap\u00f3s uma ocorr\u00eancia reportada no bairro Novo Ipanema. \u00c0s 20h da \u00faltima quinta-feira, uma equipe [&hellip;]<\/p>\n","protected":false},"author":2,"featured_media":23428,"comment_status":"open","ping_status":"open","sticky":false,"template":"","format":"standard","meta":{"om_disable_all_campaigns":false,"_monsterinsights_skip_tracking":false,"_monsterinsights_sitenote_active":false,"_monsterinsights_sitenote_note":"","_monsterinsights_sitenote_category":0,"footnotes":""},"categories":[41,48],"tags":[],"aioseo_notices":[],"_links":{"self":[{"href":"https:\/\/expressaoms.com.br\/index.php\/wp-json\/wp\/v2\/posts\/23427"}],"collection":[{"href":"https:\/\/expressaoms.com.br\/index.php\/wp-json\/wp\/v2\/posts"}],"about":[{"href":"https:\/\/expressaoms.com.br\/index.php\/wp-json\/wp\/v2\/types\/post"}],"author":[{"embeddable":true,"href":"https:\/\/expressaoms.com.br\/index.php\/wp-json\/wp\/v2\/users\/2"}],"replies":[{"embeddable":true,"href":"https:\/\/expressaoms.com.br\/index.php\/wp-json\/wp\/v2\/comments?post=23427"}],"version-history":[{"count":1,"href":"https:\/\/expressaoms.com.br\/index.php\/wp-json\/wp\/v2\/posts\/23427\/revisions"}],"predecessor-version":[{"id":23429,"href":"https:\/\/expressaoms.com.br\/index.php\/wp-json\/wp\/v2\/posts\/23427\/revisions\/23429"}],"wp:featuredmedia":[{"embeddable":true,"href":"https:\/\/expressaoms.com.br\/index.php\/wp-json\/wp\/v2\/media\/23428"}],"wp:attachment":[{"href":"https:\/\/expressaoms.com.br\/index.php\/wp-json\/wp\/v2\/media?parent=23427"}],"wp:term":[{"taxonomy":"category","embeddable":true,"href":"https:\/\/expressaoms.com.br\/index.php\/wp-json\/wp\/v2\/categories?post=23427"},{"taxonomy":"post_tag","embeddable":true,"href":"https:\/\/expressaoms.com.br\/index.php\/wp-json\/wp\/v2\/tags?post=23427"}],"curies":[{"name":"wp","href":"https:\/\/api.w.org\/{rel}","templated":true}]}}