{"id":23440,"date":"2023-11-17T21:50:32","date_gmt":"2023-11-18T00:50:32","guid":{"rendered":"https:\/\/expressaoms.com.br\/?p=23440"},"modified":"2023-11-17T21:50:32","modified_gmt":"2023-11-18T00:50:32","slug":"policia-civil-prende-suspeito-de-soco-fatal-em-briga-durante-evento-esportivo-na-lagoa-maior","status":"publish","type":"post","link":"https:\/\/expressaoms.com.br\/index.php\/2023\/11\/17\/policia-civil-prende-suspeito-de-soco-fatal-em-briga-durante-evento-esportivo-na-lagoa-maior\/","title":{"rendered":"Pol\u00edcia Civil prende suspeito de soco fatal em briga durante evento esportivo na Lagoa Maior"},"content":{"rendered":"<p>Agentes da Se\u00e7\u00e3o de Investiga\u00e7\u00f5es Gerais (SIG) da Pol\u00edcia Civil em Tr\u00eas Lagoas\/MS cumpriram, na tarde desta sexta-feira (17\/11), um mandado de pris\u00e3o contra o suspeito envolvido no fatal incidente que resultou na morte de um adolescente de 17 anos. O jovem foi atingido por um soco durante uma briga ocorrida durante um evento esportivo na regi\u00e3o da Lagoa Maior, vindo a \u00f3bito no dia seguinte.<\/p>\n<p>O epis\u00f3dio ocorreu quando o adolescente foi alvo de diversos socos, um deles atingindo a regi\u00e3o posterior direita da cabe\u00e7a, levando-o a cair desacordado no local. Mesmo socorrido em estado grave, n\u00e3o resistiu aos ferimentos. O laudo necrosc\u00f3pico apontou traumatismo cr\u00e2nioencef\u00e1lico como a causa da morte.<\/p>\n<p>Desde os momentos iniciais do ocorrido, equipes da SIG e do N\u00facleo Regional de Intelig\u00eancia (NRI) de Tr\u00eas Lagoas\/MS iniciaram investiga\u00e7\u00f5es. O trabalho incluiu oitivas de testemunhas e an\u00e1lise de imagens, levando \u00e0 identifica\u00e7\u00e3o do agressor.<\/p>\n<p>Com base nas evid\u00eancias coletadas, a Pol\u00edcia Civil solicitou a pris\u00e3o tempor\u00e1ria do suspeito, obtendo parecer favor\u00e1vel do Minist\u00e9rio P\u00fablico. A medida foi ent\u00e3o determinada pela 1\u00aa Vara Criminal da Comarca.<\/p>\n<p>No desfecho desta sexta-feira, ap\u00f3s intima\u00e7\u00e3o, o suspeito se apresentou acompanhado de advogados na sede da SIG, onde prestou declara\u00e7\u00f5es e foi informado sobre o mandado de pris\u00e3o, que foi cumprido imediatamente.<\/p>\n<p>Ap\u00f3s os procedimentos legais, o indiv\u00edduo foi encaminhado \u00e0s celas da Delegacia de Pronto Atendimento Comunit\u00e1rio (DEPAC), onde permanecer\u00e1 \u00e0 disposi\u00e7\u00e3o da Justi\u00e7a at\u00e9 o desenrolar do processo judicial.<\/p>\n","protected":false},"excerpt":{"rendered":"<p>Agentes da Se\u00e7\u00e3o de Investiga\u00e7\u00f5es Gerais (SIG) da Pol\u00edcia Civil em Tr\u00eas Lagoas\/MS cumpriram, na tarde desta sexta-feira (17\/11), um mandado de pris\u00e3o contra o suspeito envolvido no fatal incidente que resultou na morte de um adolescente de 17 anos. O jovem foi atingido por um soco durante uma briga ocorrida durante um evento esportivo [&hellip;]<\/p>\n","protected":false},"author":2,"featured_media":23441,"comment_status":"open","ping_status":"open","sticky":false,"template":"","format":"standard","meta":{"om_disable_all_campaigns":false,"_monsterinsights_skip_tracking":false,"_monsterinsights_sitenote_active":false,"_monsterinsights_sitenote_note":"","_monsterinsights_sitenote_category":0,"footnotes":""},"categories":[30,41,48],"tags":[],"aioseo_notices":[],"_links":{"self":[{"href":"https:\/\/expressaoms.com.br\/index.php\/wp-json\/wp\/v2\/posts\/23440"}],"collection":[{"href":"https:\/\/expressaoms.com.br\/index.php\/wp-json\/wp\/v2\/posts"}],"about":[{"href":"https:\/\/expressaoms.com.br\/index.php\/wp-json\/wp\/v2\/types\/post"}],"author":[{"embeddable":true,"href":"https:\/\/expressaoms.com.br\/index.php\/wp-json\/wp\/v2\/users\/2"}],"replies":[{"embeddable":true,"href":"https:\/\/expressaoms.com.br\/index.php\/wp-json\/wp\/v2\/comments?post=23440"}],"version-history":[{"count":1,"href":"https:\/\/expressaoms.com.br\/index.php\/wp-json\/wp\/v2\/posts\/23440\/revisions"}],"predecessor-version":[{"id":23442,"href":"https:\/\/expressaoms.com.br\/index.php\/wp-json\/wp\/v2\/posts\/23440\/revisions\/23442"}],"wp:featuredmedia":[{"embeddable":true,"href":"https:\/\/expressaoms.com.br\/index.php\/wp-json\/wp\/v2\/media\/23441"}],"wp:attachment":[{"href":"https:\/\/expressaoms.com.br\/index.php\/wp-json\/wp\/v2\/media?parent=23440"}],"wp:term":[{"taxonomy":"category","embeddable":true,"href":"https:\/\/expressaoms.com.br\/index.php\/wp-json\/wp\/v2\/categories?post=23440"},{"taxonomy":"post_tag","embeddable":true,"href":"https:\/\/expressaoms.com.br\/index.php\/wp-json\/wp\/v2\/tags?post=23440"}],"curies":[{"name":"wp","href":"https:\/\/api.w.org\/{rel}","templated":true}]}}