{"id":23493,"date":"2023-11-17T11:04:23","date_gmt":"2023-11-17T14:04:23","guid":{"rendered":"https:\/\/expressaoms.com.br\/?p=23493"},"modified":"2023-11-20T11:13:06","modified_gmt":"2023-11-20T14:13:06","slug":"marcha-para-jesus-2023-celebrando-a-fe-e-a-uniao-em-brasilandia","status":"publish","type":"post","link":"https:\/\/expressaoms.com.br\/index.php\/2023\/11\/17\/marcha-para-jesus-2023-celebrando-a-fe-e-a-uniao-em-brasilandia\/","title":{"rendered":"Marcha para Jesus 2023: Celebrando a f\u00e9 e a uni\u00e3o em Brasil\u00e2ndia"},"content":{"rendered":"<p>A Copebras &#8211; Conselho de Pastores de Brasil\u00e2ndia, convida toda popula\u00e7\u00e3o para que participem da MARCHA PARA JESUS 2023.<\/p>\n<p>Neste s\u00e1bado dia 18 de novembro na Pra\u00e7a da Pedra, saindo em caminhada da Prefeitura de Brasil\u00e2ndia as 17h (MS).<\/p>\n<p>Participa\u00e7\u00e3o dos Cantores: Andr\u00e9 &amp; Felipe e cantores locais.<\/p>\n<p>A Marcha para Jesus \u00e9 um evento pac\u00edfico que re\u00fane igrejas crist\u00e3s do pa\u00eds e do mundo e \u00e9 aberto \u00e0 participa\u00e7\u00e3o de toda a popula\u00e7\u00e3o. \u201cA Marcha representa a uni\u00e3o das pessoas, a comunh\u00e3o de todos que acreditam em Jesus Cristo. Ele \u00e9 o nosso resgatador, pois deu sua vida por n\u00f3s na cruz. Sa\u00edmos \u00e0s ruas marchar e honrar essa entrega, expressando nossa f\u00e9\u201d, afirma o Pastor Valmir Alves dos Santos, Presidente do Conselho de Pastores de Brasil\u00e2ndia.<\/p>\n<p>Este evento tem o apoio da Secretaria de Estado de turismo, Esporte, Cultura e Cidadania e Prefeitura de Brasil\u00e2ndia.<\/p>\n","protected":false},"excerpt":{"rendered":"<p>A Copebras &#8211; Conselho de Pastores de Brasil\u00e2ndia, convida toda popula\u00e7\u00e3o para que participem da MARCHA PARA JESUS 2023. Neste s\u00e1bado dia 18 de novembro na Pra\u00e7a da Pedra, saindo em caminhada da Prefeitura de Brasil\u00e2ndia as 17h (MS). Participa\u00e7\u00e3o dos Cantores: Andr\u00e9 &amp; Felipe e cantores locais. A Marcha para Jesus \u00e9 um evento [&hellip;]<\/p>\n","protected":false},"author":2,"featured_media":23501,"comment_status":"open","ping_status":"open","sticky":false,"template":"","format":"standard","meta":{"om_disable_all_campaigns":false,"_monsterinsights_skip_tracking":false,"_monsterinsights_sitenote_active":false,"_monsterinsights_sitenote_note":"","_monsterinsights_sitenote_category":0,"footnotes":""},"categories":[26,193],"tags":[],"aioseo_notices":[],"_links":{"self":[{"href":"https:\/\/expressaoms.com.br\/index.php\/wp-json\/wp\/v2\/posts\/23493"}],"collection":[{"href":"https:\/\/expressaoms.com.br\/index.php\/wp-json\/wp\/v2\/posts"}],"about":[{"href":"https:\/\/expressaoms.com.br\/index.php\/wp-json\/wp\/v2\/types\/post"}],"author":[{"embeddable":true,"href":"https:\/\/expressaoms.com.br\/index.php\/wp-json\/wp\/v2\/users\/2"}],"replies":[{"embeddable":true,"href":"https:\/\/expressaoms.com.br\/index.php\/wp-json\/wp\/v2\/comments?post=23493"}],"version-history":[{"count":1,"href":"https:\/\/expressaoms.com.br\/index.php\/wp-json\/wp\/v2\/posts\/23493\/revisions"}],"predecessor-version":[{"id":23494,"href":"https:\/\/expressaoms.com.br\/index.php\/wp-json\/wp\/v2\/posts\/23493\/revisions\/23494"}],"wp:featuredmedia":[{"embeddable":true,"href":"https:\/\/expressaoms.com.br\/index.php\/wp-json\/wp\/v2\/media\/23501"}],"wp:attachment":[{"href":"https:\/\/expressaoms.com.br\/index.php\/wp-json\/wp\/v2\/media?parent=23493"}],"wp:term":[{"taxonomy":"category","embeddable":true,"href":"https:\/\/expressaoms.com.br\/index.php\/wp-json\/wp\/v2\/categories?post=23493"},{"taxonomy":"post_tag","embeddable":true,"href":"https:\/\/expressaoms.com.br\/index.php\/wp-json\/wp\/v2\/tags?post=23493"}],"curies":[{"name":"wp","href":"https:\/\/api.w.org\/{rel}","templated":true}]}}