{"id":23556,"date":"2023-11-21T10:34:02","date_gmt":"2023-11-21T13:34:02","guid":{"rendered":"https:\/\/expressaoms.com.br\/?p=23556"},"modified":"2023-11-21T20:37:32","modified_gmt":"2023-11-21T23:37:32","slug":"rojeto-evoluir-inclusive-todos-promove-roda-de-conversa-com-a-comunidade-escolar","status":"publish","type":"post","link":"https:\/\/expressaoms.com.br\/index.php\/2023\/11\/21\/rojeto-evoluir-inclusive-todos-promove-roda-de-conversa-com-a-comunidade-escolar\/","title":{"rendered":"rojeto Evoluir Inclusive Todos promove roda de conversa com a comunidade escolar"},"content":{"rendered":"<p>Projeto Evoluir Inclusive Todos promove roda de conversa com a comunidade escolar<\/p>\n<p>Na noite desta segunda (20), houve mais uma reuni\u00e3o do Projeto &#8220;Evoluir &#8211; Inclusive Todos&#8221;, na Sala de Recursos da Escola Municipal Arthur Hoffig, dando continuidade com as a\u00e7\u00f5es nas unidades escolares de Brasil\u00e2ndia.<\/p>\n<p>O prefeito Antonio Tiago junto com a Coordenadora do N\u00facleo de Educa\u00e7\u00e3o Especial, Amanda Rodrigues Pasotti, participaram de uma roda de conversa com as fam\u00edlias dos alunos de inclus\u00e3o.<\/p>\n<p>Participaram tamb\u00e9m os integrantes do Instituto Inclusive Todos Luciana e Fernanda, professores e demais profissionais da \u00e1rea da Educa\u00e7\u00e3o.<\/p>\n<p>A Coordenadora explicou que esta roda de conversa e\u00e9 \u00a0muito importante para o planejamento e acompanhamento do processo de aprendizagem e desenvolvimento de estudantes com defici\u00eancia, Transtorno do Espectro Autista (TEA) e crian\u00e7as com altas habilidades\/superdota\u00e7\u00e3o, cuja a refer\u00eancia \u00e9 a trajet\u00f3ria individual de cada um.<\/p>\n","protected":false},"excerpt":{"rendered":"<p>Projeto Evoluir Inclusive Todos promove roda de conversa com a comunidade escolar Na noite desta segunda (20), houve mais uma reuni\u00e3o do Projeto &#8220;Evoluir &#8211; Inclusive Todos&#8221;, na Sala de Recursos da Escola Municipal Arthur Hoffig, dando continuidade com as a\u00e7\u00f5es nas unidades escolares de Brasil\u00e2ndia. O prefeito Antonio Tiago junto com a Coordenadora do [&hellip;]<\/p>\n","protected":false},"author":2,"featured_media":23557,"comment_status":"open","ping_status":"open","sticky":false,"template":"","format":"standard","meta":{"om_disable_all_campaigns":false,"_monsterinsights_skip_tracking":false,"_monsterinsights_sitenote_active":false,"_monsterinsights_sitenote_note":"","_monsterinsights_sitenote_category":0,"footnotes":""},"categories":[26,193],"tags":[],"aioseo_notices":[],"_links":{"self":[{"href":"https:\/\/expressaoms.com.br\/index.php\/wp-json\/wp\/v2\/posts\/23556"}],"collection":[{"href":"https:\/\/expressaoms.com.br\/index.php\/wp-json\/wp\/v2\/posts"}],"about":[{"href":"https:\/\/expressaoms.com.br\/index.php\/wp-json\/wp\/v2\/types\/post"}],"author":[{"embeddable":true,"href":"https:\/\/expressaoms.com.br\/index.php\/wp-json\/wp\/v2\/users\/2"}],"replies":[{"embeddable":true,"href":"https:\/\/expressaoms.com.br\/index.php\/wp-json\/wp\/v2\/comments?post=23556"}],"version-history":[{"count":1,"href":"https:\/\/expressaoms.com.br\/index.php\/wp-json\/wp\/v2\/posts\/23556\/revisions"}],"predecessor-version":[{"id":23558,"href":"https:\/\/expressaoms.com.br\/index.php\/wp-json\/wp\/v2\/posts\/23556\/revisions\/23558"}],"wp:featuredmedia":[{"embeddable":true,"href":"https:\/\/expressaoms.com.br\/index.php\/wp-json\/wp\/v2\/media\/23557"}],"wp:attachment":[{"href":"https:\/\/expressaoms.com.br\/index.php\/wp-json\/wp\/v2\/media?parent=23556"}],"wp:term":[{"taxonomy":"category","embeddable":true,"href":"https:\/\/expressaoms.com.br\/index.php\/wp-json\/wp\/v2\/categories?post=23556"},{"taxonomy":"post_tag","embeddable":true,"href":"https:\/\/expressaoms.com.br\/index.php\/wp-json\/wp\/v2\/tags?post=23556"}],"curies":[{"name":"wp","href":"https:\/\/api.w.org\/{rel}","templated":true}]}}