{"id":23562,"date":"2023-11-21T10:40:25","date_gmt":"2023-11-21T13:40:25","guid":{"rendered":"https:\/\/expressaoms.com.br\/?p=23562"},"modified":"2023-11-21T20:40:39","modified_gmt":"2023-11-21T23:40:39","slug":"alunos-da-escola-municipal-paulo-simoes-braga-participaram-de-atividade-alusiva-ao-dia-da-consciencia-negra","status":"publish","type":"post","link":"https:\/\/expressaoms.com.br\/index.php\/2023\/11\/21\/alunos-da-escola-municipal-paulo-simoes-braga-participaram-de-atividade-alusiva-ao-dia-da-consciencia-negra\/","title":{"rendered":"Alunos da Escola Municipal Paulo Sim\u00f5es Braga, participaram de atividade alusiva ao Dia da Consci\u00eancia Negra"},"content":{"rendered":"<p>Alunos da Escola Municipal Paulo Sim\u00f5es Braga, participaram nesta segunda-feira, dia 20, de atividades alusivas ao Dia da Consci\u00eancia Negra.<\/p>\n<p>Nesta a\u00e7\u00e3o os alunos desenvolveram a atividade de desenhos artisticos no qual soltaram sua imagina\u00e7\u00e3o sobre o tema.<\/p>\n<p>A iniciativa envolveu todos os profissionais que atuam na escola e contou com a motiva\u00e7\u00e3o dos professores, que se envolveram pessoalmente nas atividades e alinharam \u00e0s disciplinas trabalhadas em sala de aula.<\/p>\n","protected":false},"excerpt":{"rendered":"<p>Alunos da Escola Municipal Paulo Sim\u00f5es Braga, participaram nesta segunda-feira, dia 20, de atividades alusivas ao Dia da Consci\u00eancia Negra. Nesta a\u00e7\u00e3o os alunos desenvolveram a atividade de desenhos artisticos no qual soltaram sua imagina\u00e7\u00e3o sobre o tema. A iniciativa envolveu todos os profissionais que atuam na escola e contou com a motiva\u00e7\u00e3o dos professores, [&hellip;]<\/p>\n","protected":false},"author":2,"featured_media":23563,"comment_status":"open","ping_status":"open","sticky":false,"template":"","format":"standard","meta":{"om_disable_all_campaigns":false,"_monsterinsights_skip_tracking":false,"_monsterinsights_sitenote_active":false,"_monsterinsights_sitenote_note":"","_monsterinsights_sitenote_category":0,"footnotes":""},"categories":[26,193],"tags":[],"aioseo_notices":[],"_links":{"self":[{"href":"https:\/\/expressaoms.com.br\/index.php\/wp-json\/wp\/v2\/posts\/23562"}],"collection":[{"href":"https:\/\/expressaoms.com.br\/index.php\/wp-json\/wp\/v2\/posts"}],"about":[{"href":"https:\/\/expressaoms.com.br\/index.php\/wp-json\/wp\/v2\/types\/post"}],"author":[{"embeddable":true,"href":"https:\/\/expressaoms.com.br\/index.php\/wp-json\/wp\/v2\/users\/2"}],"replies":[{"embeddable":true,"href":"https:\/\/expressaoms.com.br\/index.php\/wp-json\/wp\/v2\/comments?post=23562"}],"version-history":[{"count":1,"href":"https:\/\/expressaoms.com.br\/index.php\/wp-json\/wp\/v2\/posts\/23562\/revisions"}],"predecessor-version":[{"id":23564,"href":"https:\/\/expressaoms.com.br\/index.php\/wp-json\/wp\/v2\/posts\/23562\/revisions\/23564"}],"wp:featuredmedia":[{"embeddable":true,"href":"https:\/\/expressaoms.com.br\/index.php\/wp-json\/wp\/v2\/media\/23563"}],"wp:attachment":[{"href":"https:\/\/expressaoms.com.br\/index.php\/wp-json\/wp\/v2\/media?parent=23562"}],"wp:term":[{"taxonomy":"category","embeddable":true,"href":"https:\/\/expressaoms.com.br\/index.php\/wp-json\/wp\/v2\/categories?post=23562"},{"taxonomy":"post_tag","embeddable":true,"href":"https:\/\/expressaoms.com.br\/index.php\/wp-json\/wp\/v2\/tags?post=23562"}],"curies":[{"name":"wp","href":"https:\/\/api.w.org\/{rel}","templated":true}]}}