{"id":23591,"date":"2023-11-21T08:50:11","date_gmt":"2023-11-21T11:50:11","guid":{"rendered":"https:\/\/expressaoms.com.br\/?p=23591"},"modified":"2023-11-22T08:51:12","modified_gmt":"2023-11-22T11:51:12","slug":"policiais-militares-do-2o-batalhao-recuperam-bens-subtraidos-durante-roubo-e-carcere-privado","status":"publish","type":"post","link":"https:\/\/expressaoms.com.br\/index.php\/2023\/11\/21\/policiais-militares-do-2o-batalhao-recuperam-bens-subtraidos-durante-roubo-e-carcere-privado\/","title":{"rendered":"Policiais Militares do 2\u00ba Batalh\u00e3o recuperam bens subtra\u00eddos durante roubo e c\u00e1rcere privado"},"content":{"rendered":"<p>No dia 20 de novembro, uma a\u00e7\u00e3o r\u00e1pida e eficiente dos policiais militares do 2\u00ba Batalh\u00e3o de Pol\u00edcia Militar resultou na recupera\u00e7\u00e3o dos bens subtra\u00eddos durante um roubo seguido de c\u00e1rcere privado, ocorrido no assentamento Almanara, na cidade de Brasil\u00e2ndia, Mato Grosso do Sul.<\/p>\n<p>Ap\u00f3s receberem informa\u00e7\u00f5es sobre o roubo, uma equipe da For\u00e7a T\u00e1tica do 2\u00ba BPM se deslocou imediatamente para a rodovia BR158, com o intuito de interceptar os criminosos caso tentassem fugir em dire\u00e7\u00e3o a Tr\u00eas Lagoas. Pr\u00f3ximo ao KM20 da rodovia, os policiais avistaram o ve\u00edculo Ford F4000, que havia sido roubado na ocorr\u00eancia, vindo em sentido contr\u00e1rio.<\/p>\n<p>Ao tentarem abordar o ve\u00edculo, os policiais foram surpreendidos pelo motorista, que desobedeceu \u00e0 ordem de parada e disparou contra a equipe. Em resposta \u00e0 agress\u00e3o, os policiais reagiram, e o condutor do F4000 conduziu o ve\u00edculo para um matagal pr\u00f3ximo, permitindo a fuga de todos os ocupantes, que escaparam pela vegeta\u00e7\u00e3o.<\/p>\n<p>Ap\u00f3s a per\u00edcia no ve\u00edculo, os policiais constataram que os aparelhos celulares, televisores e uma motocicleta Honda Bros, todos objetos do roubo, estavam no interior do ve\u00edculo recuperado. Todos os itens foram apreendidos e levados \u00e0 Delegacia de Pol\u00edcia para an\u00e1lise pericial, a fim de identificar os autores do crime.<\/p>\n<p>O empenho das autoridades permanece firme na investiga\u00e7\u00e3o deste caso, utilizando os elementos encontrados para desvendar os respons\u00e1veis por esse ato criminoso e garantir a seguran\u00e7a da regi\u00e3o.<\/p>\n","protected":false},"excerpt":{"rendered":"<p>No dia 20 de novembro, uma a\u00e7\u00e3o r\u00e1pida e eficiente dos policiais militares do 2\u00ba Batalh\u00e3o de Pol\u00edcia Militar resultou na recupera\u00e7\u00e3o dos bens subtra\u00eddos durante um roubo seguido de c\u00e1rcere privado, ocorrido no assentamento Almanara, na cidade de Brasil\u00e2ndia, Mato Grosso do Sul. Ap\u00f3s receberem informa\u00e7\u00f5es sobre o roubo, uma equipe da For\u00e7a T\u00e1tica [&hellip;]<\/p>\n","protected":false},"author":2,"featured_media":23592,"comment_status":"open","ping_status":"open","sticky":false,"template":"","format":"standard","meta":{"om_disable_all_campaigns":false,"_monsterinsights_skip_tracking":false,"_monsterinsights_sitenote_active":false,"_monsterinsights_sitenote_note":"","_monsterinsights_sitenote_category":0,"footnotes":""},"categories":[26,41],"tags":[],"aioseo_notices":[],"_links":{"self":[{"href":"https:\/\/expressaoms.com.br\/index.php\/wp-json\/wp\/v2\/posts\/23591"}],"collection":[{"href":"https:\/\/expressaoms.com.br\/index.php\/wp-json\/wp\/v2\/posts"}],"about":[{"href":"https:\/\/expressaoms.com.br\/index.php\/wp-json\/wp\/v2\/types\/post"}],"author":[{"embeddable":true,"href":"https:\/\/expressaoms.com.br\/index.php\/wp-json\/wp\/v2\/users\/2"}],"replies":[{"embeddable":true,"href":"https:\/\/expressaoms.com.br\/index.php\/wp-json\/wp\/v2\/comments?post=23591"}],"version-history":[{"count":1,"href":"https:\/\/expressaoms.com.br\/index.php\/wp-json\/wp\/v2\/posts\/23591\/revisions"}],"predecessor-version":[{"id":23593,"href":"https:\/\/expressaoms.com.br\/index.php\/wp-json\/wp\/v2\/posts\/23591\/revisions\/23593"}],"wp:featuredmedia":[{"embeddable":true,"href":"https:\/\/expressaoms.com.br\/index.php\/wp-json\/wp\/v2\/media\/23592"}],"wp:attachment":[{"href":"https:\/\/expressaoms.com.br\/index.php\/wp-json\/wp\/v2\/media?parent=23591"}],"wp:term":[{"taxonomy":"category","embeddable":true,"href":"https:\/\/expressaoms.com.br\/index.php\/wp-json\/wp\/v2\/categories?post=23591"},{"taxonomy":"post_tag","embeddable":true,"href":"https:\/\/expressaoms.com.br\/index.php\/wp-json\/wp\/v2\/tags?post=23591"}],"curies":[{"name":"wp","href":"https:\/\/api.w.org\/{rel}","templated":true}]}}