{"id":23800,"date":"2023-11-24T12:44:27","date_gmt":"2023-11-24T15:44:27","guid":{"rendered":"https:\/\/expressaoms.com.br\/?p=23800"},"modified":"2023-11-24T12:44:27","modified_gmt":"2023-11-24T15:44:27","slug":"mix-das-aguas-veja-como-foi-o-1o-dia-de-evento-e-qual-agenda-desta-sexta-feira-24","status":"publish","type":"post","link":"https:\/\/expressaoms.com.br\/index.php\/2023\/11\/24\/mix-das-aguas-veja-como-foi-o-1o-dia-de-evento-e-qual-agenda-desta-sexta-feira-24\/","title":{"rendered":"MIX DAS \u00c1GUAS \u2013 Veja como foi o 1\u00ba dia de evento e qual agenda desta sexta-feira (24)"},"content":{"rendered":"<p data-raofz=\"16\">A NOB, no centro de Tr\u00eas Lagoas, foi palco de mais uma evento cultural promovido pela Prefeitura de Tr\u00eas Lagoas. O Festival Mix das \u00c1guas levou m\u00fasica, louvores e ora\u00e7\u00f5es com bandas locais e show do cantor nacional Eli Soares para o p\u00fablico evang\u00e9lico que prestigiou o primeiro dia de evento ocorrido nesta quinta-feira (24 de novembro).<\/p>\n<p data-raofz=\"16\">Promovido em parceria com Conselho de Pastores e L\u00edderes de Tr\u00eas Lagoas (CPL\/TL) e Igreja Cat\u00f3lica, al\u00e9m de apoio do Governo de MS, o evento 100% gratuito celebra a express\u00f5es religiosas atrav\u00e9s da m\u00fasica e continua com ampla programa\u00e7\u00e3o nesta sexta-feira (24 de novembro) e no s\u00e1bado (25 de novembro), depois nos dias 29 e 30 de novembro e 01 e 02 de dezembro.<\/p>\n<p data-raofz=\"16\">Na oportunidade, os pastores e artistas das bandas locais refor\u00e7aram a import\u00e2ncia do evento, destacando a infraestrutura do recinto. Al\u00e9m disso, agradeceram \u00e0 Administra\u00e7\u00e3o Municipal e ao Governo de MS por oportunizar esse momento de cultura, ora\u00e7\u00f5es e adora\u00e7\u00e3o \u00e0 Deus em uma ambiente organizado, grande e seguro.<\/p>\n<p data-raofz=\"16\">Importante destacar que o evento teve organiza\u00e7\u00e3o direta da Diretoria Municipal de Cultura da Secretaria Municipal de Educa\u00e7\u00e3o e Cultura (SEMEC) e da Diretoria de Turismo da Secretaria Municipal de Desenvolvimento Econ\u00f4mico, Ci\u00eancia, Tecnologia e Turismo (SEDECTT).<\/p>\n<p data-raofz=\"16\"><strong>PRA\u00c7A DE ALIMENTA\u00c7\u00c3O<\/strong><\/p>\n<p data-raofz=\"16\">A pra\u00e7a de alimenta\u00e7\u00e3o do evento abre a partir das 19h e ter\u00e1 diversas op\u00e7\u00f5es, como: pastel\u00e3o, batata recheada, panqueca, espeto com acompanhamentos, sovertes e picol\u00e9s, cachorro quente, salgados, pastel, bolo no pote, mini pizza, engrossado de milho com frango e arroz, lanches, al\u00e9m de bebidas.<\/p>\n<p data-raofz=\"16\"><strong>PROGRAMA\u00c7\u00c3O DESTA SEXTA-FEIRA<\/strong><\/p>\n<p data-raofz=\"16\">Com in\u00edcio \u00e0s 19h, a abertura do evento ser\u00e1 com o Pastor Roseno e logo ap\u00f3s m\u00fasicas e louvores com:<\/p>\n<ul>\n<li data-raofz=\"16\">Banda Mco Church 1\/ Pastor Jorge<\/li>\n<li data-raofz=\"16\">Louvor Quadrangular Parque S\u00e3o Carlos\/\u00a0 Pastor Geovane<\/li>\n<li data-raofz=\"16\">Louvor Advec\/ Pastor Cleverson<\/li>\n<li data-raofz=\"16\">Ora\u00e7\u00e3o<\/li>\n<li data-raofz=\"16\">Banda Ellos<\/li>\n<li data-raofz=\"16\">Minist\u00e9rio Palavra E F\u00e9 \/ Pastor Daniel Souza<\/li>\n<li data-raofz=\"16\">Adriely \u2013 Ass Deus Ipiranga<\/li>\n<li data-raofz=\"16\">Ora\u00e7\u00e3o<\/li>\n<li data-raofz=\"16\">Alvorada Church \/ Pastor Fabiano Campache<\/li>\n<li data-raofz=\"16\">Irm\u00e3o Nilton \u2013 Nazareno<\/li>\n<li data-raofz=\"16\">Filhos Do Alt\u00edssimo \u2013 Assembleia Unidade Plena<\/li>\n<li data-raofz=\"16\">Mirian Oliveira E Banda<\/li>\n<li data-raofz=\"16\">Banda Quebrando As Correntes \u2013 Min.<\/li>\n<li data-raofz=\"16\">Louvor Quadrangular Santos Dumont\/ Pastor Marcos Rosendo<\/li>\n<\/ul>\n<p data-raofz=\"16\"><strong>PROGRAMA\u00c7\u00c3O DE AMANH\u00c3 (S\u00c1BADO)<\/strong><\/p>\n<ul>\n<li data-raofz=\"16\">Abertura\/Pastor Marcos Rosendo<\/li>\n<li data-raofz=\"16\">Banda Ellos<\/li>\n<li data-raofz=\"16\">Samuel Olimpio \u2013 Igreja Pentecostal Casa De Maquir<\/li>\n<li data-raofz=\"16\">Viviane Maria \u2013 Igreja Pentecostal Casa De Maquir<\/li>\n<li data-raofz=\"16\">Rafaela Avila<\/li>\n<li data-raofz=\"16\">Iderap3<\/li>\n<li data-raofz=\"16\">Louvor Quadrangular Santos Dumont \/ Pastor Marcos Rosendo<\/li>\n<\/ul>\n<p data-raofz=\"16\">O encerramento no s\u00e1bado (25), previsto para iniciar 21h30, ser\u00e1 o DJ PV (Pedro Victor) produtor musical e compositor. O DJ possui mais de 01 bilh\u00e3o de plays nas plataformas digitais.<\/p>\n","protected":false},"excerpt":{"rendered":"<p>A NOB, no centro de Tr\u00eas Lagoas, foi palco de mais uma evento cultural promovido pela Prefeitura de Tr\u00eas Lagoas. O Festival Mix das \u00c1guas levou m\u00fasica, louvores e ora\u00e7\u00f5es com bandas locais e show do cantor nacional Eli Soares para o p\u00fablico evang\u00e9lico que prestigiou o primeiro dia de evento ocorrido nesta quinta-feira (24 [&hellip;]<\/p>\n","protected":false},"author":2,"featured_media":23801,"comment_status":"open","ping_status":"open","sticky":false,"template":"","format":"standard","meta":{"om_disable_all_campaigns":false,"_monsterinsights_skip_tracking":false,"_monsterinsights_sitenote_active":false,"_monsterinsights_sitenote_note":"","_monsterinsights_sitenote_category":0,"footnotes":""},"categories":[30,35,36,48],"tags":[],"aioseo_notices":[],"_links":{"self":[{"href":"https:\/\/expressaoms.com.br\/index.php\/wp-json\/wp\/v2\/posts\/23800"}],"collection":[{"href":"https:\/\/expressaoms.com.br\/index.php\/wp-json\/wp\/v2\/posts"}],"about":[{"href":"https:\/\/expressaoms.com.br\/index.php\/wp-json\/wp\/v2\/types\/post"}],"author":[{"embeddable":true,"href":"https:\/\/expressaoms.com.br\/index.php\/wp-json\/wp\/v2\/users\/2"}],"replies":[{"embeddable":true,"href":"https:\/\/expressaoms.com.br\/index.php\/wp-json\/wp\/v2\/comments?post=23800"}],"version-history":[{"count":1,"href":"https:\/\/expressaoms.com.br\/index.php\/wp-json\/wp\/v2\/posts\/23800\/revisions"}],"predecessor-version":[{"id":23802,"href":"https:\/\/expressaoms.com.br\/index.php\/wp-json\/wp\/v2\/posts\/23800\/revisions\/23802"}],"wp:featuredmedia":[{"embeddable":true,"href":"https:\/\/expressaoms.com.br\/index.php\/wp-json\/wp\/v2\/media\/23801"}],"wp:attachment":[{"href":"https:\/\/expressaoms.com.br\/index.php\/wp-json\/wp\/v2\/media?parent=23800"}],"wp:term":[{"taxonomy":"category","embeddable":true,"href":"https:\/\/expressaoms.com.br\/index.php\/wp-json\/wp\/v2\/categories?post=23800"},{"taxonomy":"post_tag","embeddable":true,"href":"https:\/\/expressaoms.com.br\/index.php\/wp-json\/wp\/v2\/tags?post=23800"}],"curies":[{"name":"wp","href":"https:\/\/api.w.org\/{rel}","templated":true}]}}