{"id":23903,"date":"2023-11-28T10:53:03","date_gmt":"2023-11-28T13:53:03","guid":{"rendered":"https:\/\/expressaoms.com.br\/?p=23903"},"modified":"2023-11-28T10:53:03","modified_gmt":"2023-11-28T13:53:03","slug":"cuica-pequena-e-jararaca-caicara-passam-a-figurar-entre-as-mais-de-14-mil-especies-identificadas-em-areas-da-suzano-em-ms","status":"publish","type":"post","link":"https:\/\/expressaoms.com.br\/index.php\/2023\/11\/28\/cuica-pequena-e-jararaca-caicara-passam-a-figurar-entre-as-mais-de-14-mil-especies-identificadas-em-areas-da-suzano-em-ms\/","title":{"rendered":"Cu\u00edca-pequena e jararaca-cai\u00e7ara passam a figurar entre as mais de 1,4 mil esp\u00e9cies identificadas em \u00e1reas da Suzano em MS"},"content":{"rendered":"<p class=\"m_-1164551039665495046paragraph\" align=\"center\"><span class=\"m_-1164551039665495046eop\"><i>Conforme o \u00faltimo levantamento, s\u00e3o 1.483 esp\u00e9cies catalogadas nas florestas da companhia no Estado, o que corresponde a um aumento de 6,3% (88 esp\u00e9cies a mais) em compara\u00e7\u00e3o ao ano anterior<\/i><\/span><u><\/u><u><\/u><\/p>\n<p style=\"text-align: left;\" align=\"center\">\n<p align=\"center\">\n<p class=\"m_-1164551039665495046paragraph\"><span class=\"m_-1164551039665495046eop\">O Programa de Monitoramento da Biodiversidade da Suzano catalogou 107 novas esp\u00e9cies da fauna e da flora em \u00e1reas florestais (plantadas e de preserva\u00e7\u00e3o ambiental) da companhia em Mato Grosso do Sul no ano passado. Entre as esp\u00e9cies identificadas, est\u00e3o cu\u00edca-pequena (<i>Cryptonanus agricolai), <\/i>tamb\u00e9m conhecida como catita, e jararaca cai\u00e7ara (<i>Bothrops moojeni<\/i>), al\u00e9m de diversas gramas e arbustos do Cerrado. Com o novo levantamento, publicado no Resumo de Plano de Manejo da Suzano de 2022, o n\u00famero de esp\u00e9cies catalogadas em \u00e1reas florestais da Suzano saltou de 1.395, em 2021, para 1.483 em 2022, o que corresponde a um aumento de 6,3%. Deste total, 669 esp\u00e9cies s\u00e3o de plantas e 784 de animais silvestres.<u><\/u><u><\/u><\/span><\/p>\n<p class=\"m_-1164551039665495046paragraph\"><span class=\"m_-1164551039665495046eop\"><u><\/u>\u00a0<u><\/u><\/span><span class=\"m_-1164551039665495046eop\">\u201cEste aumento no n\u00famero de esp\u00e9cies identificadas vem ao encontro do prop\u00f3sito da companhia, que \u00e9 o de renovar a vida a partir da \u00e1rvore, e ao nosso compromisso de contribuir para a conserva\u00e7\u00e3o da biodiversidade nas regi\u00f5es onde a empresa mant\u00e9m opera\u00e7\u00f5es. Estamos sempre em busca de melhorias nos nossos processos e programas de conserva\u00e7\u00e3o ambiental e, recentemente, inclu\u00edmos em nossos monitoramentos tamb\u00e9m esp\u00e9cies rasteiras da flora do Cerrado. Essas a\u00e7\u00f5es visam garantir que, gra\u00e7as ao nosso plano de manejo sustent\u00e1vel, nossas florestas plantadas e \u00e1reas de conserva\u00e7\u00e3o ambiental sigam como habitats de muitas esp\u00e9cies da nossa fauna\u201d, destaca Renato Cipriano Rocha, coordenador de Meio Ambiente Florestal da Unidade de Tr\u00eas Lagoas.<u><\/u><u><\/u><\/span><\/p>\n<p class=\"m_-1164551039665495046paragraph\"><span class=\"m_-1164551039665495046eop\"><u><\/u>\u00a0<u><\/u><\/span><span class=\"m_-1164551039665495046eop\">De acordo com o gestor, as esp\u00e9cies cu\u00edca-pequena e jararaca-cai\u00e7ara chamam a aten\u00e7\u00e3o pela car\u00eancia de informa\u00e7\u00f5es e pelo poder de camuflagem, respectivamente. A cu\u00edca-pequena consta na lista vermelha da IUCN (Uni\u00e3o Internacional para a Conserva\u00e7\u00e3o da Natureza) com dados insuficientes para an\u00e1lise sobre grau de amea\u00e7a. Uma das dificuldades em catalogar a cu\u00edca-pequena est\u00e1 no tamanho dessa esp\u00e9cie: de 82 a 89 mil\u00edmetros de comprimento da cabe\u00e7a e corpo, podendo chegar a 100 mil\u00edmetros, levando em considera\u00e7\u00e3o a cauda. <u><\/u><u><\/u><\/span><\/p>\n<p class=\"m_-1164551039665495046paragraph\"><span class=\"m_-1164551039665495046eop\"><u><\/u>\u00a0<u><\/u><\/span><span class=\"m_-1164551039665495046eop\">J\u00e1 a esp\u00e9cie da jararaca-cai\u00e7ara chama a pela aten\u00e7\u00e3o pela import\u00e2ncia para a medicina brasileira. Distribu\u00edda principalmente na regi\u00e3o Central do Brasil, a esp\u00e9cie \u00e9 conhecida pelo poder de seu veneno, mas que, paralelamente, gera interesse m\u00e9dico por poder ser utilizado para a produ\u00e7\u00e3o do sono antiof\u00eddico.\u00a0 <\/span>\u00a0A esp\u00e9cie tamb\u00e9m figura na lista de animais amea\u00e7ados. <u><\/u><u><\/u><\/p>\n<p class=\"m_-1164551039665495046paragraph\"><u><\/u>\u00a0<u><\/u><span class=\"m_-1164551039665495046eop\"><b>Esp\u00e9cies identificadas<u><\/u><u><\/u><\/b><\/span><\/p>\n<p class=\"m_-1164551039665495046paragraph\"><span class=\"m_-1164551039665495046eop\">Ainda conforme os dados do Programa de Monitoramento, de 2007, quando o programa foi implantado, at\u00e9 2022, foram catalogadas 784 esp\u00e9cies de animais silvestres, sendo 400 aves, 136 de artr\u00f3podes, 96 esp\u00e9cies de mam\u00edferos, 59 r\u00e9pteis e 53 peixes. <u><\/u><u><\/u><\/span><\/p>\n<p class=\"m_-1164551039665495046paragraph\"><span class=\"m_-1164551039665495046eop\"><u><\/u>\u00a0<u><\/u><\/span><span class=\"m_-1164551039665495046eop\">Deste total, 32 figuram na lista de esp\u00e9cies amea\u00e7adas de extin\u00e7\u00e3o pela IUCN e 34 amea\u00e7adas pelo IBAMA (Instituto Brasileiro do Meio Ambiente e dos Recursos Naturais), sendo oito plantas, 20 mam\u00edferos, quatro aves, um peixe e um artr\u00f3pode. Entre as esp\u00e9cies amea\u00e7adas encontradas nas florestas da Suzano em Mato Grosso do Sul, est\u00e3o: tamandu\u00e1-bandeira, lobo-guar\u00e1, anta, gato-palheiro, mutum-de-penacho, tatu-canastra, queixada, gato-do-mato e raposinha. <u><\/u><u><\/u><\/span><\/p>\n<p class=\"m_-1164551039665495046paragraph\"><span class=\"m_-1164551039665495046eop\"><u><\/u>\u00a0<u><\/u><\/span><span class=\"m_-1164551039665495046eop\">A Suzano mant\u00e9m uma base florestal de 599,996 mil hectares, dos quais 143,129 mil hectares s\u00e3o destinados exclusivamente \u00e0 conserva\u00e7\u00e3o ambiental. O Resumo do Plano de Manejo da Suzano pode ser acessado pela p\u00e1gina: <\/span><a href=\"https:\/\/www.suzano.com.br\/a-suzano\/documentos\/?tag=manejo-florestal-sustentavel\" target=\"_blank\" rel=\"noopener\" data-saferedirecturl=\"https:\/\/www.google.com\/url?q=https:\/\/www.suzano.com.br\/a-suzano\/documentos\/?tag%3Dmanejo-florestal-sustentavel&amp;source=gmail&amp;ust=1701265843895000&amp;usg=AOvVaw303HKViiFrvyBN-HpDFRWj\">https:\/\/www.suzano.com.br\/a-<wbr \/>suzano\/documentos\/?tag=manejo-<wbr \/>florestal-sustentavel<\/a><\/p>\n","protected":false},"excerpt":{"rendered":"<p>Conforme o \u00faltimo levantamento, s\u00e3o 1.483 esp\u00e9cies catalogadas nas florestas da companhia no Estado, o que corresponde a um aumento de 6,3% (88 esp\u00e9cies a mais) em compara\u00e7\u00e3o ao ano anterior O Programa de Monitoramento da Biodiversidade da Suzano catalogou 107 novas esp\u00e9cies da fauna e da flora em \u00e1reas florestais (plantadas e de preserva\u00e7\u00e3o [&hellip;]<\/p>\n","protected":false},"author":2,"featured_media":23904,"comment_status":"open","ping_status":"open","sticky":false,"template":"","format":"standard","meta":{"om_disable_all_campaigns":false,"_monsterinsights_skip_tracking":false,"_monsterinsights_sitenote_active":false,"_monsterinsights_sitenote_note":"","_monsterinsights_sitenote_category":0,"footnotes":""},"categories":[30,36,266,38],"tags":[],"aioseo_notices":[],"_links":{"self":[{"href":"https:\/\/expressaoms.com.br\/index.php\/wp-json\/wp\/v2\/posts\/23903"}],"collection":[{"href":"https:\/\/expressaoms.com.br\/index.php\/wp-json\/wp\/v2\/posts"}],"about":[{"href":"https:\/\/expressaoms.com.br\/index.php\/wp-json\/wp\/v2\/types\/post"}],"author":[{"embeddable":true,"href":"https:\/\/expressaoms.com.br\/index.php\/wp-json\/wp\/v2\/users\/2"}],"replies":[{"embeddable":true,"href":"https:\/\/expressaoms.com.br\/index.php\/wp-json\/wp\/v2\/comments?post=23903"}],"version-history":[{"count":1,"href":"https:\/\/expressaoms.com.br\/index.php\/wp-json\/wp\/v2\/posts\/23903\/revisions"}],"predecessor-version":[{"id":23905,"href":"https:\/\/expressaoms.com.br\/index.php\/wp-json\/wp\/v2\/posts\/23903\/revisions\/23905"}],"wp:featuredmedia":[{"embeddable":true,"href":"https:\/\/expressaoms.com.br\/index.php\/wp-json\/wp\/v2\/media\/23904"}],"wp:attachment":[{"href":"https:\/\/expressaoms.com.br\/index.php\/wp-json\/wp\/v2\/media?parent=23903"}],"wp:term":[{"taxonomy":"category","embeddable":true,"href":"https:\/\/expressaoms.com.br\/index.php\/wp-json\/wp\/v2\/categories?post=23903"},{"taxonomy":"post_tag","embeddable":true,"href":"https:\/\/expressaoms.com.br\/index.php\/wp-json\/wp\/v2\/tags?post=23903"}],"curies":[{"name":"wp","href":"https:\/\/api.w.org\/{rel}","templated":true}]}}