{"id":23909,"date":"2023-11-28T18:43:44","date_gmt":"2023-11-28T21:43:44","guid":{"rendered":"https:\/\/expressaoms.com.br\/?p=23909"},"modified":"2023-11-28T18:43:44","modified_gmt":"2023-11-28T21:43:44","slug":"5a-costelada-beneficente-festa-em-prol-do-hospital-auxiliadora-em-parceria-com-a-prefeitura-acontece-neste-domingo-03","status":"publish","type":"post","link":"https:\/\/expressaoms.com.br\/index.php\/2023\/11\/28\/5a-costelada-beneficente-festa-em-prol-do-hospital-auxiliadora-em-parceria-com-a-prefeitura-acontece-neste-domingo-03\/","title":{"rendered":"5\u00aa Costelada Beneficente \u2013 Festa em prol do Hospital Auxiliadora, em parceria com a Prefeitura acontece neste domingo (03)"},"content":{"rendered":"<p>J\u00e1 virou tradi\u00e7\u00e3o em Tr\u00eas Lagoas, a 5\u00aa Costelada Beneficente realizada pelo Hospital Auxiliadora, em sua est\u00e1 em sua 5\u00aa edi\u00e7\u00e3o, a festa acontece neste domingo (03 de dezembro) e conta com o apoio da Prefeitura de Tr\u00eas Lagoas, por meia Secretaria Municipal de Esporte e Juventude (SEJUVEL).<\/p>\n<p>O evento ser\u00e1 realizado no Centro de Conven\u00e7\u00f5es Arenamix. Al\u00e9m da deliciosa costela de ch\u00e3o, aqueles que decidirem reunir a fam\u00edlia e amigos para saborear este almo\u00e7o tamb\u00e9m ter\u00e3o \u00e0 disposi\u00e7\u00e3o acompanhamentos como arroz, mandioca, vinagrete, salada tropical e farofa, e poder\u00e3o desfrutar de boa m\u00fasica.<\/p>\n<p>Todo o dinheiro arrecadado ser\u00e1 revertido em novas camas hospitalares. Os ingressos podem ser adquiridos no pr\u00f3prio Hospital Auxiliadora, o valor do ingresso individual \u00e9 de R$80 (oitenta reais). Para mais informa\u00e7\u00f5es, entre em contato pelo n\u00famero <a role=\"link\" href=\"tel:(67) 99206-2604\">(67) 99206-2604<\/a>.<\/p>\n<p><strong>SERVI\u00c7O<\/strong><\/p>\n<p><em>5\u00aa Costelada Beneficente Hospital Auxiliadora<\/em><\/p>\n<p>Data: 03 de dezembro (domingo)<\/p>\n<p>Hor\u00e1rio: Das 11h \u00e0s 15h<\/p>\n<p>Local: Arenamix<\/p>\n<p>Endere\u00e7o: BR-262, Jardim Angelica<\/p>\n","protected":false},"excerpt":{"rendered":"<p>J\u00e1 virou tradi\u00e7\u00e3o em Tr\u00eas Lagoas, a 5\u00aa Costelada Beneficente realizada pelo Hospital Auxiliadora, em sua est\u00e1 em sua 5\u00aa edi\u00e7\u00e3o, a festa acontece neste domingo (03 de dezembro) e conta com o apoio da Prefeitura de Tr\u00eas Lagoas, por meia Secretaria Municipal de Esporte e Juventude (SEJUVEL). O evento ser\u00e1 realizado no Centro de [&hellip;]<\/p>\n","protected":false},"author":2,"featured_media":23910,"comment_status":"open","ping_status":"open","sticky":false,"template":"","format":"standard","meta":{"om_disable_all_campaigns":false,"_monsterinsights_skip_tracking":false,"_monsterinsights_sitenote_active":false,"_monsterinsights_sitenote_note":"","_monsterinsights_sitenote_category":0,"footnotes":""},"categories":[30,35,36,48],"tags":[],"aioseo_notices":[],"_links":{"self":[{"href":"https:\/\/expressaoms.com.br\/index.php\/wp-json\/wp\/v2\/posts\/23909"}],"collection":[{"href":"https:\/\/expressaoms.com.br\/index.php\/wp-json\/wp\/v2\/posts"}],"about":[{"href":"https:\/\/expressaoms.com.br\/index.php\/wp-json\/wp\/v2\/types\/post"}],"author":[{"embeddable":true,"href":"https:\/\/expressaoms.com.br\/index.php\/wp-json\/wp\/v2\/users\/2"}],"replies":[{"embeddable":true,"href":"https:\/\/expressaoms.com.br\/index.php\/wp-json\/wp\/v2\/comments?post=23909"}],"version-history":[{"count":1,"href":"https:\/\/expressaoms.com.br\/index.php\/wp-json\/wp\/v2\/posts\/23909\/revisions"}],"predecessor-version":[{"id":23911,"href":"https:\/\/expressaoms.com.br\/index.php\/wp-json\/wp\/v2\/posts\/23909\/revisions\/23911"}],"wp:featuredmedia":[{"embeddable":true,"href":"https:\/\/expressaoms.com.br\/index.php\/wp-json\/wp\/v2\/media\/23910"}],"wp:attachment":[{"href":"https:\/\/expressaoms.com.br\/index.php\/wp-json\/wp\/v2\/media?parent=23909"}],"wp:term":[{"taxonomy":"category","embeddable":true,"href":"https:\/\/expressaoms.com.br\/index.php\/wp-json\/wp\/v2\/categories?post=23909"},{"taxonomy":"post_tag","embeddable":true,"href":"https:\/\/expressaoms.com.br\/index.php\/wp-json\/wp\/v2\/tags?post=23909"}],"curies":[{"name":"wp","href":"https:\/\/api.w.org\/{rel}","templated":true}]}}