{"id":23920,"date":"2023-11-28T21:15:04","date_gmt":"2023-11-29T00:15:04","guid":{"rendered":"https:\/\/expressaoms.com.br\/?p=23920"},"modified":"2023-11-28T21:15:04","modified_gmt":"2023-11-29T00:15:04","slug":"iluminacao-de-natal-sera-inaugurada-nesta-quarta-feira-29-na-esplanada-nob-veja-programacao","status":"publish","type":"post","link":"https:\/\/expressaoms.com.br\/index.php\/2023\/11\/28\/iluminacao-de-natal-sera-inaugurada-nesta-quarta-feira-29-na-esplanada-nob-veja-programacao\/","title":{"rendered":"Ilumina\u00e7\u00e3o de Natal ser\u00e1 inaugurada nesta quarta-feira (29) na Esplanada NOB; veja programa\u00e7\u00e3o"},"content":{"rendered":"<p data-raofz=\"16\">Iniciando oficialmente a programa\u00e7\u00e3o de Natal da Prefeitura de Tr\u00eas Lagoas, que contar\u00e1 com diversos eventos para a popula\u00e7\u00e3o, nesta quarta-feira (29 de novembro) ser\u00e3o inauguradas as Luzes de Natal, a partir das 19h30, na Esplanada NOB.<\/p>\n<p data-raofz=\"16\"><strong>PROGRAMA\u00c7\u00c3O<\/strong><\/p>\n<p data-raofz=\"16\">Logo na abertura, a Banda Cristo Redentor entra em cena para uma apresenta\u00e7\u00e3o com m\u00fasicas natalinas. Em seguida, os alunos dos projetos da Diretoria de Cultura, da Secretaria Municipal de Educa\u00e7\u00e3o e Cultura (SEMEC) que integram o Coral Renascer d\u00e3o sequ\u00eancia \u00e0s m\u00fasicas em alus\u00e3o ao Natal.<\/p>\n<p data-raofz=\"16\">E o momento mais esperado pelas crian\u00e7as, a chegada do Papai Noel e o in\u00edcio das luzes, est\u00e1 previsto para acontecer \u00e0s 20h.<\/p>\n<p data-raofz=\"16\">Para finalizar a programa\u00e7\u00e3o e animar todos os presentes na NOB, \u00e0s 21 horas, haver\u00e1 show com o Grupo Karaka.<\/p>\n","protected":false},"excerpt":{"rendered":"<p>Iniciando oficialmente a programa\u00e7\u00e3o de Natal da Prefeitura de Tr\u00eas Lagoas, que contar\u00e1 com diversos eventos para a popula\u00e7\u00e3o, nesta quarta-feira (29 de novembro) ser\u00e3o inauguradas as Luzes de Natal, a partir das 19h30, na Esplanada NOB. PROGRAMA\u00c7\u00c3O Logo na abertura, a Banda Cristo Redentor entra em cena para uma apresenta\u00e7\u00e3o com m\u00fasicas natalinas. Em [&hellip;]<\/p>\n","protected":false},"author":2,"featured_media":23921,"comment_status":"open","ping_status":"open","sticky":false,"template":"","format":"standard","meta":{"om_disable_all_campaigns":false,"_monsterinsights_skip_tracking":false,"_monsterinsights_sitenote_active":false,"_monsterinsights_sitenote_note":"","_monsterinsights_sitenote_category":0,"footnotes":""},"categories":[30,36,48],"tags":[],"aioseo_notices":[],"_links":{"self":[{"href":"https:\/\/expressaoms.com.br\/index.php\/wp-json\/wp\/v2\/posts\/23920"}],"collection":[{"href":"https:\/\/expressaoms.com.br\/index.php\/wp-json\/wp\/v2\/posts"}],"about":[{"href":"https:\/\/expressaoms.com.br\/index.php\/wp-json\/wp\/v2\/types\/post"}],"author":[{"embeddable":true,"href":"https:\/\/expressaoms.com.br\/index.php\/wp-json\/wp\/v2\/users\/2"}],"replies":[{"embeddable":true,"href":"https:\/\/expressaoms.com.br\/index.php\/wp-json\/wp\/v2\/comments?post=23920"}],"version-history":[{"count":1,"href":"https:\/\/expressaoms.com.br\/index.php\/wp-json\/wp\/v2\/posts\/23920\/revisions"}],"predecessor-version":[{"id":23922,"href":"https:\/\/expressaoms.com.br\/index.php\/wp-json\/wp\/v2\/posts\/23920\/revisions\/23922"}],"wp:featuredmedia":[{"embeddable":true,"href":"https:\/\/expressaoms.com.br\/index.php\/wp-json\/wp\/v2\/media\/23921"}],"wp:attachment":[{"href":"https:\/\/expressaoms.com.br\/index.php\/wp-json\/wp\/v2\/media?parent=23920"}],"wp:term":[{"taxonomy":"category","embeddable":true,"href":"https:\/\/expressaoms.com.br\/index.php\/wp-json\/wp\/v2\/categories?post=23920"},{"taxonomy":"post_tag","embeddable":true,"href":"https:\/\/expressaoms.com.br\/index.php\/wp-json\/wp\/v2\/tags?post=23920"}],"curies":[{"name":"wp","href":"https:\/\/api.w.org\/{rel}","templated":true}]}}