{"id":23959,"date":"2023-11-30T08:31:10","date_gmt":"2023-11-30T11:31:10","guid":{"rendered":"https:\/\/expressaoms.com.br\/?p=23959"},"modified":"2023-11-30T08:31:10","modified_gmt":"2023-11-30T11:31:10","slug":"prefeitura-convida-populacao-para-juramento-a-bandeira-na-proxima-sexta-feira-1o","status":"publish","type":"post","link":"https:\/\/expressaoms.com.br\/index.php\/2023\/11\/30\/prefeitura-convida-populacao-para-juramento-a-bandeira-na-proxima-sexta-feira-1o\/","title":{"rendered":"Prefeitura convida popula\u00e7\u00e3o para Juramento \u00e0 Bandeira na pr\u00f3xima sexta-feira (1\u00ba)"},"content":{"rendered":"<p data-raofz=\"16\">O prefeito Angelo Guerreiro, tamb\u00e9m presidente da Junta de Servi\u00e7o Militar de Tr\u00eas Lagoas, convida toda a sociedade para prestigiar a cerim\u00f4nia de Juramento \u00e0 Bandeira \u2013 conscritos da classe 2005, que acontecer\u00e1 nesta sexta-feira (1\u00ba de dezembro), \u00e0s 7 horas, na Esplanada NOB.<\/p>\n<p data-raofz=\"16\">Cerca de 300 jovens participar\u00e3o do ato, que representa a entrega de Certificados de Dispensa de Incorpora\u00e7\u00e3o aos cidad\u00e3os que, com gesto de cidadania, se comprometer\u00e3o frente ao Pavilh\u00e3o Nacional com os interesses da P\u00e1tria.<\/p>\n<p data-raofz=\"16\">SERVI\u00c7O<\/p>\n<p data-raofz=\"16\">Juramento \u00e0 Bandeira<\/p>\n<p data-raofz=\"16\">Data: Dia 1\u00ba de Dezembro (sexta-feira)<\/p>\n<p data-raofz=\"16\">Hor\u00e1rio: 7h<\/p>\n<p data-raofz=\"16\">Local: Esplanada NOB<\/p>\n<p data-raofz=\"16\">Endere\u00e7o: Avenida Ros\u00e1rio Congro, \u00e1rea central, no mesmo local onde acontece o Mix das \u00c1guas.<\/p>\n","protected":false},"excerpt":{"rendered":"<p>O prefeito Angelo Guerreiro, tamb\u00e9m presidente da Junta de Servi\u00e7o Militar de Tr\u00eas Lagoas, convida toda a sociedade para prestigiar a cerim\u00f4nia de Juramento \u00e0 Bandeira \u2013 conscritos da classe 2005, que acontecer\u00e1 nesta sexta-feira (1\u00ba de dezembro), \u00e0s 7 horas, na Esplanada NOB. Cerca de 300 jovens participar\u00e3o do ato, que representa a entrega [&hellip;]<\/p>\n","protected":false},"author":2,"featured_media":23960,"comment_status":"open","ping_status":"open","sticky":false,"template":"","format":"standard","meta":{"om_disable_all_campaigns":false,"_monsterinsights_skip_tracking":false,"_monsterinsights_sitenote_active":false,"_monsterinsights_sitenote_note":"","_monsterinsights_sitenote_category":0,"footnotes":""},"categories":[35,36,48],"tags":[],"aioseo_notices":[],"_links":{"self":[{"href":"https:\/\/expressaoms.com.br\/index.php\/wp-json\/wp\/v2\/posts\/23959"}],"collection":[{"href":"https:\/\/expressaoms.com.br\/index.php\/wp-json\/wp\/v2\/posts"}],"about":[{"href":"https:\/\/expressaoms.com.br\/index.php\/wp-json\/wp\/v2\/types\/post"}],"author":[{"embeddable":true,"href":"https:\/\/expressaoms.com.br\/index.php\/wp-json\/wp\/v2\/users\/2"}],"replies":[{"embeddable":true,"href":"https:\/\/expressaoms.com.br\/index.php\/wp-json\/wp\/v2\/comments?post=23959"}],"version-history":[{"count":1,"href":"https:\/\/expressaoms.com.br\/index.php\/wp-json\/wp\/v2\/posts\/23959\/revisions"}],"predecessor-version":[{"id":23961,"href":"https:\/\/expressaoms.com.br\/index.php\/wp-json\/wp\/v2\/posts\/23959\/revisions\/23961"}],"wp:featuredmedia":[{"embeddable":true,"href":"https:\/\/expressaoms.com.br\/index.php\/wp-json\/wp\/v2\/media\/23960"}],"wp:attachment":[{"href":"https:\/\/expressaoms.com.br\/index.php\/wp-json\/wp\/v2\/media?parent=23959"}],"wp:term":[{"taxonomy":"category","embeddable":true,"href":"https:\/\/expressaoms.com.br\/index.php\/wp-json\/wp\/v2\/categories?post=23959"},{"taxonomy":"post_tag","embeddable":true,"href":"https:\/\/expressaoms.com.br\/index.php\/wp-json\/wp\/v2\/tags?post=23959"}],"curies":[{"name":"wp","href":"https:\/\/api.w.org\/{rel}","templated":true}]}}