{"id":24006,"date":"2023-12-01T10:33:32","date_gmt":"2023-12-01T13:33:32","guid":{"rendered":"https:\/\/expressaoms.com.br\/?p=24006"},"modified":"2023-12-01T10:33:32","modified_gmt":"2023-12-01T13:33:32","slug":"saude-de-tres-lagoas-implementa-protocolo-municipal-para-toxoplasmose","status":"publish","type":"post","link":"https:\/\/expressaoms.com.br\/index.php\/2023\/12\/01\/saude-de-tres-lagoas-implementa-protocolo-municipal-para-toxoplasmose\/","title":{"rendered":"Sa\u00fade de Tr\u00eas Lagoas Implementa Protocolo Municipal para Toxoplasmose"},"content":{"rendered":"<p data-raofz=\"16\">A Toxoplasmose em gestantes \u00e9 uma s\u00e9ria preocupa\u00e7\u00e3o de sa\u00fade p\u00fablica, uma vez que pode acarretar complica\u00e7\u00f5es fetais graves. Originada pela infec\u00e7\u00e3o com um parasita comumente encontrado em fezes de gato e alimentos contaminados. A identifica\u00e7\u00e3o precoce e o tratamento adequado s\u00e3o cruciais para prevenir a transmiss\u00e3o vertical (de m\u00e3e para feto) da infec\u00e7\u00e3o.<\/p>\n<p data-raofz=\"16\">Reconhecendo que o conhecimento dos profissionais de sa\u00fade sobre a Toxoplasmose \u00e9 fundamental para oferecer orienta\u00e7\u00f5es adequadas sobre preven\u00e7\u00e3o, diagn\u00f3stico e tratamento, a Secretaria Municipal de Sa\u00fade (SMS), por meio do N\u00facleo de Educa\u00e7\u00e3o Permanente em Sa\u00fade (NEPS), promoveu nos dias 28 e 29 de novembro uma capacita\u00e7\u00e3o para os profissionais que atuam na Rede de Sa\u00fade sobre o \u201cManejo Cl\u00ednico da Doen\u00e7a\u201d.<\/p>\n<p data-raofz=\"16\">O treinamento teve lugar na C\u00e2mara Municipal e foi direcionado a m\u00e9dicos e enfermeiros. Profissionais do NEPS, Vigil\u00e2ncia Epidemiol\u00f3gica e Ger\u00eancia T\u00e9cnica do Estado das doen\u00e7as h\u00eddricas e alimentares ministraram as sess\u00f5es, proporcionando uma abordagem abrangente sobre o tema.<\/p>\n<p data-raofz=\"16\">Essa iniciativa refor\u00e7a o compromisso da SMS com a qualidade do atendimento \u00e0 sa\u00fade, garantindo que os profissionais estejam devidamente preparados para lidar com casos de Toxoplasmose em gestantes. A capacita\u00e7\u00e3o \u00e9 uma medida preventiva crucial para mitigar os riscos associados \u00e0 doen\u00e7a e assegurar o bem-estar das gestantes e de seus beb\u00eas.<\/p>\n","protected":false},"excerpt":{"rendered":"<p>A Toxoplasmose em gestantes \u00e9 uma s\u00e9ria preocupa\u00e7\u00e3o de sa\u00fade p\u00fablica, uma vez que pode acarretar complica\u00e7\u00f5es fetais graves. Originada pela infec\u00e7\u00e3o com um parasita comumente encontrado em fezes de gato e alimentos contaminados. A identifica\u00e7\u00e3o precoce e o tratamento adequado s\u00e3o cruciais para prevenir a transmiss\u00e3o vertical (de m\u00e3e para feto) da infec\u00e7\u00e3o. Reconhecendo [&hellip;]<\/p>\n","protected":false},"author":2,"featured_media":24007,"comment_status":"open","ping_status":"open","sticky":false,"template":"","format":"standard","meta":{"om_disable_all_campaigns":false,"_monsterinsights_skip_tracking":false,"_monsterinsights_sitenote_active":false,"_monsterinsights_sitenote_note":"","_monsterinsights_sitenote_category":0,"footnotes":""},"categories":[36,44,48],"tags":[],"aioseo_notices":[],"_links":{"self":[{"href":"https:\/\/expressaoms.com.br\/index.php\/wp-json\/wp\/v2\/posts\/24006"}],"collection":[{"href":"https:\/\/expressaoms.com.br\/index.php\/wp-json\/wp\/v2\/posts"}],"about":[{"href":"https:\/\/expressaoms.com.br\/index.php\/wp-json\/wp\/v2\/types\/post"}],"author":[{"embeddable":true,"href":"https:\/\/expressaoms.com.br\/index.php\/wp-json\/wp\/v2\/users\/2"}],"replies":[{"embeddable":true,"href":"https:\/\/expressaoms.com.br\/index.php\/wp-json\/wp\/v2\/comments?post=24006"}],"version-history":[{"count":1,"href":"https:\/\/expressaoms.com.br\/index.php\/wp-json\/wp\/v2\/posts\/24006\/revisions"}],"predecessor-version":[{"id":24008,"href":"https:\/\/expressaoms.com.br\/index.php\/wp-json\/wp\/v2\/posts\/24006\/revisions\/24008"}],"wp:featuredmedia":[{"embeddable":true,"href":"https:\/\/expressaoms.com.br\/index.php\/wp-json\/wp\/v2\/media\/24007"}],"wp:attachment":[{"href":"https:\/\/expressaoms.com.br\/index.php\/wp-json\/wp\/v2\/media?parent=24006"}],"wp:term":[{"taxonomy":"category","embeddable":true,"href":"https:\/\/expressaoms.com.br\/index.php\/wp-json\/wp\/v2\/categories?post=24006"},{"taxonomy":"post_tag","embeddable":true,"href":"https:\/\/expressaoms.com.br\/index.php\/wp-json\/wp\/v2\/tags?post=24006"}],"curies":[{"name":"wp","href":"https:\/\/api.w.org\/{rel}","templated":true}]}}