{"id":24048,"date":"2023-12-01T18:23:30","date_gmt":"2023-12-01T21:23:30","guid":{"rendered":"https:\/\/expressaoms.com.br\/?p=24048"},"modified":"2023-12-01T18:26:36","modified_gmt":"2023-12-01T21:26:36","slug":"azambuja-e-eleito-tesoureiro-do-psdb-nacional-e-riedel-vice-presidente","status":"publish","type":"post","link":"https:\/\/expressaoms.com.br\/index.php\/2023\/12\/01\/azambuja-e-eleito-tesoureiro-do-psdb-nacional-e-riedel-vice-presidente\/","title":{"rendered":"Azambuja \u00e9 eleito tesoureiro do PSDB Nacional e Riedel vice-presidente"},"content":{"rendered":"<p>Durante a 16\u00aa Conven\u00e7\u00e3o Nacional do PSDB, realizada nesta quinta-feira (30\/11), em Bras\u00edlia (DF), o ex-governador Reinaldo Azambuja foi eleito tesoureiro da Comiss\u00e3o Executiva Nacional do partido para o mandato de 2023 a 2025 e o governador Eduardo Riedel como um dos vice-presidentes da legenda.<\/p>\n<p>J\u00e1 Marconi Perillo foi eleito presidente nacional da legenda, enquanto Gabriela Cruz foi reeleita a presidente do Tucanafro \u2013 segmento de milit\u00e2ncia negra do partido, e Cinthia Ribeiro, que \u00e9 prefeita de Palmas (TO), foi eleita a presidente do PSDB-Mulher.<\/p>\n<p>\u201cNesses 28 anos de pol\u00edtica tenho muito orgulho de fazer parte como tesoureiro do partido. J\u00e1 havia assumido como tesoureiro adjunto quando era deputado federal\u201d, declarou Reinaldo Azambuja \u00e0 reportagem, enquanto o governador Eduardo Riedel refor\u00e7ou que \u00e9 importante defender os valores do PSDB. \u201cSomos soldados e guardi\u00f5es de um conjunto de a\u00e7\u00f5es que n\u00e3o tenho d\u00favida que tem como consequ\u00eancia um Brasil melhor\u201d, pontuou.<\/p>\n<p>Riedel refor\u00e7ou ainda as contribui\u00e7\u00f5es da sigla para a pol\u00edtica nacional. \u201cA gente chega aqui hoje com um partido que nunca perdeu as suas ra\u00edzes e, principalmente, o seu rumo. Se precisar fazer oposi\u00e7\u00e3o, n\u00f3s somos oposi\u00e7\u00e3o. Se precisar aplaudir medidas, de quem entendemos que n\u00e3o t\u00eam a mesma linha, n\u00f3s vamos aplaudir. Mas n\u00f3s temos personalidade pr\u00f3pria\u201d, destacou.<\/p>\n<p>J\u00e1 Marconi Perillo completou que chegou ao cargo para servir e para ser um trabalhador pelo partido. \u201cEu estou seguro de que a gente pode tra\u00e7ar um caminho que nos leve a uma vit\u00f3ria. Temos que arrega\u00e7ar as mangas e trabalhar para que a gente possa chegar forte l\u00e1 na frente. N\u00f3s somos talvez o \u00fanico partido, fora da polariza\u00e7\u00e3o, que tem um nome, uma hist\u00f3ria que est\u00e1 sendo constru\u00edda, que tem um prop\u00f3sito e que ter\u00e1 o melhor programa para o pa\u00eds\u201d, disse.<\/p>\n<p>Ele tamb\u00e9m exaltou a hist\u00f3ria do partido e como ela pode contribuir para o futuro do PSDB. \u201cTemos a responsabilidade de buscar beber na experi\u00eancia desses homens e mulheres que, ao longo do tempo, trabalharam e dirigiram o partido. N\u00f3s estamos ancorados em um passado que n\u00e3o nos envergonha. Pelo contr\u00e1rio, um passado de muito trabalho a favor do Brasil. Os \u00eaxitos do passado e a experi\u00eancia do presente haver\u00e3o de nos apontar o futuro, onde a gente transforme o PSDB\u201d, afirmou.<\/p>\n<p>Eduardo Leite, agora ex-presidente do PSDB e governador do Rio Grande do Sul, ressaltou que a sigla continua a sua jornada para trazer alternativas para melhorar a vida da popula\u00e7\u00e3o. \u201cA gente quer fazer esse Brasil um pa\u00eds melhor. N\u00e3o somos candidatos a mito, super-her\u00f3is, nem a salvadores da p\u00e1tria. O PSDB \u00e9 feito por homens e mulheres que t\u00eam a compreens\u00e3o da necessidade de somarmos for\u00e7as. Somos brasileiros que querem dar contribui\u00e7\u00e3o a este pa\u00eds, com um caminho de serenidade e sobriedade, sensatez e equil\u00edbrio\u201d, assegurou.<\/p>\n<p>A prefeita de Palmas (TO) exaltou a evolu\u00e7\u00e3o do PSDB-Mulher. \u201cO PSDB Mulher atingiu um est\u00e1gio de excel\u00eancia na prepara\u00e7\u00e3o de seus quadros. O momento que vivemos hoje \u00e9 para comemorar a unicidade e a vit\u00f3ria do PSDB, que renasce sob um novo des\u00edgnio da uni\u00e3o de cada uma de n\u00f3s. Uni\u00e3o de discurso, uni\u00e3o em prol de um pa\u00eds e do protagonismo que n\u00e3o abrimos m\u00e3o\u201d, completou.<\/p>\n<p>A presidente do Tucanafro destacou a lideran\u00e7a do partido neste setor em que \u00e9 refer\u00eancia. \u201cQuem rompeu o mito da democracia racial neste pa\u00eds foi Fernando Henrique Cardoso. Foi ele quem implementou as pol\u00edticas de igualdade racial. Ent\u00e3o eu tenho orgulho de ser tucana. A luta n\u00e3o \u00e9 s\u00f3 do negro. A luta \u00e9 de todos n\u00f3s\u201d, falou.<\/p>\n<p>Tamb\u00e9m participaram da 16\u00aa Conven\u00e7\u00e3o Nacional do PSDB os ex-presidentes do partido, Jos\u00e9 An\u00edbal, Eduardo Azeredo e Teut\u00f4nio Vilela Filho. O senador Izalci Lucas tamb\u00e9m esteve presente, al\u00e9m do l\u00edder do PSDB na C\u00e2mara dos Deputados, Adolfo Viana, entre outras autoridades.<\/p>\n<p><img fetchpriority=\"high\" decoding=\"async\" class=\"alignnone size-full wp-image-24049\" src=\"https:\/\/expressaoms.com.br\/wp-content\/uploads\/2023\/12\/convencao-nacional-do-psdb-2-scaled.jpg\" alt=\"\" width=\"2560\" height=\"1553\" srcset=\"https:\/\/expressaoms.com.br\/wp-content\/uploads\/2023\/12\/convencao-nacional-do-psdb-2-scaled.jpg 2560w, https:\/\/expressaoms.com.br\/wp-content\/uploads\/2023\/12\/convencao-nacional-do-psdb-2-scaled-600x364.jpg 600w, https:\/\/expressaoms.com.br\/wp-content\/uploads\/2023\/12\/convencao-nacional-do-psdb-2-300x182.jpg 300w, https:\/\/expressaoms.com.br\/wp-content\/uploads\/2023\/12\/convencao-nacional-do-psdb-2-1024x621.jpg 1024w, https:\/\/expressaoms.com.br\/wp-content\/uploads\/2023\/12\/convencao-nacional-do-psdb-2-768x466.jpg 768w, https:\/\/expressaoms.com.br\/wp-content\/uploads\/2023\/12\/convencao-nacional-do-psdb-2-1536x932.jpg 1536w, https:\/\/expressaoms.com.br\/wp-content\/uploads\/2023\/12\/convencao-nacional-do-psdb-2-2048x1243.jpg 2048w\" sizes=\"(max-width: 2560px) 100vw, 2560px\" \/><\/p>\n<h2>Comiss\u00e3o Executiva Nacional do PSDB<\/h2>\n<p><strong>Membros<\/strong><\/p>\n<p>Presidente de Honra: Fernando Henrique Cardoso<br \/>\nPresidente: Marconi Ferreira Perillo<br \/>\n1\u00ba Vice-Presidente: Paula Mascarenhas<br \/>\n2\u00ba Vice-Presidente: Duarte Nogueira<br \/>\nVice-Presidente: Eduardo leite<br \/>\nVice-Presidente: Eduardo Riedel<br \/>\nVice-Presidente: Raquel Lyra<br \/>\nVice-Presidente: Beto Richa<br \/>\nVice-Presidente: Geovania de S\u00e1<br \/>\nVice-Presidente: Marcos Vieira<\/p>\n<p>Secret\u00e1rio-Geral: Paulo Abi-Akel<br \/>\n1\u00ba Secret\u00e1rio: Pedro Cunha Lima<br \/>\n2\u00ba Secret\u00e1rio: Savio Neves<\/p>\n<p>Tesoureiro: Reinaldo Azambuja<br \/>\nTesoureiro Adjunto: Micheli Petri<\/p>\n<p>L\u00edder na C\u00e2mara dos Deputados: Dep. Adolfo Viana<\/p>\n<p><strong>Membros Efetivos da Executiva<\/strong><\/p>\n<p>1) Izalci Lucas<br \/>\n2) Pl\u00ednio Val\u00e9rio<br \/>\n3) Paulo Serra<br \/>\n4) Nilson Leit\u00e3o<br \/>\n5) Hildon Chaves<br \/>\n6) Lena Pinto<br \/>\n7) Sebasti\u00e3o Madeira<br \/>\n8) Pedro Vilela<br \/>\n9) D\u00e9bora Louse<br \/>\n10) Luiz Carlos<\/p>\n<p><strong>Ex-Presidentes<\/strong><\/p>\n<p>Fernando Henrique Cardoso<br \/>\nPimenta da Veiga<br \/>\nTeot\u00f4nio Vilela<br \/>\nJos\u00e9 An\u00edbal<br \/>\nJos\u00e9 Serra<br \/>\nEduardo Azeredo<br \/>\nTasso Jereissati<br \/>\nA\u00e9cio Neves<br \/>\nBruno Ara\u00fajo<br \/>\nEduardo Leite<\/p>\n<p><strong>Suplentes:<\/strong><\/p>\n<p>1) Luiz Paulo Veloso Lucas<br \/>\n2) Thelma Oliveira<br \/>\n3) Moema S\u00e3o Thiago<br \/>\n4) Ava Santiago<br \/>\n5) Luciano Neves<br \/>\n6) Sergio Fernandes Ferreira<br \/>\n7) Virg\u00edlio Melo<\/p>\n<p><strong>Secretariado:<\/strong><\/p>\n<p>Secretariado Nac. PSDB\/Mulher: Cinthia Ribeiro<br \/>\nSecretariado Nac. da Juventude: Rodrigo Rizzo<br \/>\nTucanafro: Gabriela Cruz<br \/>\nDiversidade: Edgar de Souza<\/p>\n<p>&nbsp;<\/p>\n<pre>Fonte: Correio do Estado<\/pre>\n","protected":false},"excerpt":{"rendered":"<p>Durante a 16\u00aa Conven\u00e7\u00e3o Nacional do PSDB, realizada nesta quinta-feira (30\/11), em Bras\u00edlia (DF), o ex-governador Reinaldo Azambuja foi eleito tesoureiro da Comiss\u00e3o Executiva Nacional do partido para o mandato de 2023 a 2025 e o governador Eduardo Riedel como um dos vice-presidentes da legenda. J\u00e1 Marconi Perillo foi eleito presidente nacional da legenda, enquanto [&hellip;]<\/p>\n","protected":false},"author":3,"featured_media":24050,"comment_status":"open","ping_status":"open","sticky":false,"template":"","format":"standard","meta":{"om_disable_all_campaigns":false,"_monsterinsights_skip_tracking":false,"_monsterinsights_sitenote_active":false,"_monsterinsights_sitenote_note":"","_monsterinsights_sitenote_category":0,"footnotes":""},"categories":[42],"tags":[],"aioseo_notices":[],"_links":{"self":[{"href":"https:\/\/expressaoms.com.br\/index.php\/wp-json\/wp\/v2\/posts\/24048"}],"collection":[{"href":"https:\/\/expressaoms.com.br\/index.php\/wp-json\/wp\/v2\/posts"}],"about":[{"href":"https:\/\/expressaoms.com.br\/index.php\/wp-json\/wp\/v2\/types\/post"}],"author":[{"embeddable":true,"href":"https:\/\/expressaoms.com.br\/index.php\/wp-json\/wp\/v2\/users\/3"}],"replies":[{"embeddable":true,"href":"https:\/\/expressaoms.com.br\/index.php\/wp-json\/wp\/v2\/comments?post=24048"}],"version-history":[{"count":3,"href":"https:\/\/expressaoms.com.br\/index.php\/wp-json\/wp\/v2\/posts\/24048\/revisions"}],"predecessor-version":[{"id":24053,"href":"https:\/\/expressaoms.com.br\/index.php\/wp-json\/wp\/v2\/posts\/24048\/revisions\/24053"}],"wp:featuredmedia":[{"embeddable":true,"href":"https:\/\/expressaoms.com.br\/index.php\/wp-json\/wp\/v2\/media\/24050"}],"wp:attachment":[{"href":"https:\/\/expressaoms.com.br\/index.php\/wp-json\/wp\/v2\/media?parent=24048"}],"wp:term":[{"taxonomy":"category","embeddable":true,"href":"https:\/\/expressaoms.com.br\/index.php\/wp-json\/wp\/v2\/categories?post=24048"},{"taxonomy":"post_tag","embeddable":true,"href":"https:\/\/expressaoms.com.br\/index.php\/wp-json\/wp\/v2\/tags?post=24048"}],"curies":[{"name":"wp","href":"https:\/\/api.w.org\/{rel}","templated":true}]}}