{"id":24507,"date":"2023-12-28T10:24:44","date_gmt":"2023-12-28T13:24:44","guid":{"rendered":"https:\/\/expressaoms.com.br\/?p=24507"},"modified":"2023-12-28T10:24:44","modified_gmt":"2023-12-28T13:24:44","slug":"mae-e-mais-dois-sao-indiciados-por-estupro-de-menina-de-11-anos-em-brasilandia","status":"publish","type":"post","link":"https:\/\/expressaoms.com.br\/index.php\/2023\/12\/28\/mae-e-mais-dois-sao-indiciados-por-estupro-de-menina-de-11-anos-em-brasilandia\/","title":{"rendered":"M\u00e3e e mais dois s\u00e3o indiciados por estupro de menina de 11 anos em Brasil\u00e2ndia"},"content":{"rendered":"<p>Mulher e mais dois rapazes de 18 e 20 anos v\u00e3o responder pelo estupro de uma menina de 11 anos. O crime aconteceu durante o ano de 2022 em Brasil\u00e2ndia, mas as investiga\u00e7\u00f5es foram conclu\u00eddas nesta quarta-feira (27).<\/p>\n<p>Conforme divulgado pela Pol\u00edcia Civil, a menina teria mantido rela\u00e7\u00f5es sexuais com os dois rapazes com o consentimento da m\u00e3e. Durante as investiga\u00e7\u00f5es, foi solicitado o exame sexol\u00f3gico na v\u00edtima que constatou o crime.<\/p>\n<p>A pol\u00edcia ent\u00e3o concluiu que a m\u00e3e teria sido omissa no cuidado com a menina. Al\u00e9m disso, ficou comprovado que ap\u00f3s tomar ci\u00eancia dos abusos a mulher n\u00e3o fez nada. Os dois rapazes foram identificados e presos.<\/p>\n<p>Em interrogat\u00f3rio, eles confessaram o crime e afirmaram que a m\u00e3e da v\u00edtima autorizou que eles mantivessem rela\u00e7\u00f5es sexuais com a menina. Agora, a mulher foi indiciada por estupro de vulner\u00e1vel por omiss\u00e3o e os dois pelo mesmo crime de forma dolosa.<\/p>\n<p>&nbsp;<\/p>\n<pre>Fonte: Campo Grande News<\/pre>\n","protected":false},"excerpt":{"rendered":"<p>Mulher e mais dois rapazes de 18 e 20 anos v\u00e3o responder pelo estupro de uma menina de 11 anos. O crime aconteceu durante o ano de 2022 em Brasil\u00e2ndia, mas as investiga\u00e7\u00f5es foram conclu\u00eddas nesta quarta-feira (27). Conforme divulgado pela Pol\u00edcia Civil, a menina teria mantido rela\u00e7\u00f5es sexuais com os dois rapazes com o [&hellip;]<\/p>\n","protected":false},"author":3,"featured_media":24508,"comment_status":"open","ping_status":"open","sticky":false,"template":"","format":"standard","meta":{"om_disable_all_campaigns":false,"_monsterinsights_skip_tracking":false,"_monsterinsights_sitenote_active":false,"_monsterinsights_sitenote_note":"","_monsterinsights_sitenote_category":0,"footnotes":""},"categories":[26,193],"tags":[],"aioseo_notices":[],"_links":{"self":[{"href":"https:\/\/expressaoms.com.br\/index.php\/wp-json\/wp\/v2\/posts\/24507"}],"collection":[{"href":"https:\/\/expressaoms.com.br\/index.php\/wp-json\/wp\/v2\/posts"}],"about":[{"href":"https:\/\/expressaoms.com.br\/index.php\/wp-json\/wp\/v2\/types\/post"}],"author":[{"embeddable":true,"href":"https:\/\/expressaoms.com.br\/index.php\/wp-json\/wp\/v2\/users\/3"}],"replies":[{"embeddable":true,"href":"https:\/\/expressaoms.com.br\/index.php\/wp-json\/wp\/v2\/comments?post=24507"}],"version-history":[{"count":1,"href":"https:\/\/expressaoms.com.br\/index.php\/wp-json\/wp\/v2\/posts\/24507\/revisions"}],"predecessor-version":[{"id":24509,"href":"https:\/\/expressaoms.com.br\/index.php\/wp-json\/wp\/v2\/posts\/24507\/revisions\/24509"}],"wp:featuredmedia":[{"embeddable":true,"href":"https:\/\/expressaoms.com.br\/index.php\/wp-json\/wp\/v2\/media\/24508"}],"wp:attachment":[{"href":"https:\/\/expressaoms.com.br\/index.php\/wp-json\/wp\/v2\/media?parent=24507"}],"wp:term":[{"taxonomy":"category","embeddable":true,"href":"https:\/\/expressaoms.com.br\/index.php\/wp-json\/wp\/v2\/categories?post=24507"},{"taxonomy":"post_tag","embeddable":true,"href":"https:\/\/expressaoms.com.br\/index.php\/wp-json\/wp\/v2\/tags?post=24507"}],"curies":[{"name":"wp","href":"https:\/\/api.w.org\/{rel}","templated":true}]}}