{"id":24544,"date":"2023-12-31T10:05:33","date_gmt":"2023-12-31T13:05:33","guid":{"rendered":"https:\/\/expressaoms.com.br\/?p=24544"},"modified":"2024-01-01T10:11:00","modified_gmt":"2024-01-01T13:11:00","slug":"mais-de-5-mil-pessoas-prestigiaram-o-esquenta-da-virada-no-balneario-municipal","status":"publish","type":"post","link":"https:\/\/expressaoms.com.br\/index.php\/2023\/12\/31\/mais-de-5-mil-pessoas-prestigiaram-o-esquenta-da-virada-no-balneario-municipal\/","title":{"rendered":"Mais de 5 mil pessoas prestigiaram o \u201cEsquenta da Virada\u201d no Balne\u00e1rio Municipal"},"content":{"rendered":"<p data-raofz=\"16\">A Prefeitura de Tr\u00eas Lagoas, por meio da Secretaria Municipal de Desenvolvimento Econ\u00f4mico, Ci\u00eancia, Tecnologia e Turismo (SEDECTT), em colabora\u00e7\u00e3o com a Diretoria de Cultura da Secretaria Municipal de Educa\u00e7\u00e3o e Cultura (SEMEC), realizou no s\u00e1bado, 30 de dezembro, o \u201cEsquenta da Virada\u201d no Balne\u00e1rio Municipal \u201cMiguel Jorge Tabox\u201d.<\/p>\n<p data-raofz=\"16\">De acordo com os organizadores, mais de cinco mil de pessoas, vindas n\u00e3o s\u00f3 da cidade, mas tamb\u00e9m de regi\u00f5es vizinhas, prestigiaram o evento, que teve como prop\u00f3sito animar a popula\u00e7\u00e3o para a celebra\u00e7\u00e3o do r\u00e9veillon no dia 31. A decis\u00e3o de alterar a data aconteceu ap\u00f3s enquete promovida nas redes sociais da Prefeitura, onde a maioria da popula\u00e7\u00e3o optou pela mudan\u00e7a para o dia 30.<\/p>\n<p data-raofz=\"16\">A atra\u00e7\u00e3o principal da festa foi a renomada Banda Brasil 2000, que agitou o p\u00fablico com sucessos que marcaram \u00e9poca e os mais recentes lan\u00e7amentos musicais do Brasil. Al\u00e9m disso, os talentos locais tamb\u00e9m brilharam no palco do Balne\u00e1rio durante as 12 horas de festa. O Projeto Nossa Vibe, Willian Camargo DJ e Anderson Matos e Claudinho apresentaram-se, contribuindo para o sucesso do evento.<\/p>\n<p data-raofz=\"16\"><img fetchpriority=\"high\" decoding=\"async\" class=\"alignnone size-full wp-image-24546\" src=\"https:\/\/expressaoms.com.br\/wp-content\/uploads\/2024\/01\/IMG-20231231-WA0014-1-scaled-1.jpg\" alt=\"\" width=\"919\" height=\"469\" srcset=\"https:\/\/expressaoms.com.br\/wp-content\/uploads\/2024\/01\/IMG-20231231-WA0014-1-scaled-1.jpg 919w, https:\/\/expressaoms.com.br\/wp-content\/uploads\/2024\/01\/IMG-20231231-WA0014-1-scaled-1-600x306.jpg 600w, https:\/\/expressaoms.com.br\/wp-content\/uploads\/2024\/01\/IMG-20231231-WA0014-1-scaled-1-300x153.jpg 300w, https:\/\/expressaoms.com.br\/wp-content\/uploads\/2024\/01\/IMG-20231231-WA0014-1-scaled-1-768x392.jpg 768w\" sizes=\"(max-width: 919px) 100vw, 919px\" \/><\/p>\n","protected":false},"excerpt":{"rendered":"<p>A Prefeitura de Tr\u00eas Lagoas, por meio da Secretaria Municipal de Desenvolvimento Econ\u00f4mico, Ci\u00eancia, Tecnologia e Turismo (SEDECTT), em colabora\u00e7\u00e3o com a Diretoria de Cultura da Secretaria Municipal de Educa\u00e7\u00e3o e Cultura (SEMEC), realizou no s\u00e1bado, 30 de dezembro, o \u201cEsquenta da Virada\u201d no Balne\u00e1rio Municipal \u201cMiguel Jorge Tabox\u201d. De acordo com os organizadores, mais [&hellip;]<\/p>\n","protected":false},"author":3,"featured_media":24545,"comment_status":"open","ping_status":"open","sticky":false,"template":"","format":"standard","meta":{"om_disable_all_campaigns":false,"_monsterinsights_skip_tracking":false,"_monsterinsights_sitenote_active":false,"_monsterinsights_sitenote_note":"","_monsterinsights_sitenote_category":0,"footnotes":""},"categories":[30,35,48],"tags":[],"aioseo_notices":[],"_links":{"self":[{"href":"https:\/\/expressaoms.com.br\/index.php\/wp-json\/wp\/v2\/posts\/24544"}],"collection":[{"href":"https:\/\/expressaoms.com.br\/index.php\/wp-json\/wp\/v2\/posts"}],"about":[{"href":"https:\/\/expressaoms.com.br\/index.php\/wp-json\/wp\/v2\/types\/post"}],"author":[{"embeddable":true,"href":"https:\/\/expressaoms.com.br\/index.php\/wp-json\/wp\/v2\/users\/3"}],"replies":[{"embeddable":true,"href":"https:\/\/expressaoms.com.br\/index.php\/wp-json\/wp\/v2\/comments?post=24544"}],"version-history":[{"count":1,"href":"https:\/\/expressaoms.com.br\/index.php\/wp-json\/wp\/v2\/posts\/24544\/revisions"}],"predecessor-version":[{"id":24547,"href":"https:\/\/expressaoms.com.br\/index.php\/wp-json\/wp\/v2\/posts\/24544\/revisions\/24547"}],"wp:featuredmedia":[{"embeddable":true,"href":"https:\/\/expressaoms.com.br\/index.php\/wp-json\/wp\/v2\/media\/24545"}],"wp:attachment":[{"href":"https:\/\/expressaoms.com.br\/index.php\/wp-json\/wp\/v2\/media?parent=24544"}],"wp:term":[{"taxonomy":"category","embeddable":true,"href":"https:\/\/expressaoms.com.br\/index.php\/wp-json\/wp\/v2\/categories?post=24544"},{"taxonomy":"post_tag","embeddable":true,"href":"https:\/\/expressaoms.com.br\/index.php\/wp-json\/wp\/v2\/tags?post=24544"}],"curies":[{"name":"wp","href":"https:\/\/api.w.org\/{rel}","templated":true}]}}