{"id":24925,"date":"2024-01-26T08:19:48","date_gmt":"2024-01-26T11:19:48","guid":{"rendered":"https:\/\/expressaoms.com.br\/?p=24925"},"modified":"2024-01-26T08:19:48","modified_gmt":"2024-01-26T11:19:48","slug":"prefeitura-de-tres-lagoas-implanta-metodo-que-visa-reduzir-espera-e-filas-nas-unidades-de-saude","status":"publish","type":"post","link":"https:\/\/expressaoms.com.br\/index.php\/2024\/01\/26\/prefeitura-de-tres-lagoas-implanta-metodo-que-visa-reduzir-espera-e-filas-nas-unidades-de-saude\/","title":{"rendered":"Prefeitura de Tr\u00eas Lagoas implanta m\u00e9todo que visa reduzir espera e filas nas Unidades de Sa\u00fade"},"content":{"rendered":"<p data-raofz=\"16\">A Prefeitura de Tr\u00eas Lagoas, por meio da Secretaria Municipal de Sa\u00fade (SMS), sempre busca realizar melhoria cont\u00ednua da sa\u00fade p\u00fablica, principalmente na Aten\u00e7\u00e3o Prim\u00e1ria \u00e0 Sa\u00fade (APS) que \u00e9 a principal porta de entrada do Sistema \u00danico de Sa\u00fade (SUS), sendo vital para o acesso e qualidade do atendimento \u00e0 popula\u00e7\u00e3o.<\/p>\n<p data-raofz=\"16\">Desse modo, foi implantado nas Unidade de Sa\u00fade do Munic\u00edpio o modelo denominado de Acesso Avan\u00e7ado que busca reduzir a demanda reprimida de atendimentos, diminuir o absente\u00edsmo (faltas) e ampliar o acesso aos usu\u00e1rios do SUS.<\/p>\n<p data-raofz=\"16\">A secret\u00e1ria de Sa\u00fade, Elaine F\u00fario, destacou que o princ\u00edpio fundamental \u00e9 realizar o trabalho do dia no pr\u00f3prio dia, oferecendo aos pacientes a oportunidade de buscar cuidados prim\u00e1rios de sa\u00fade no momento de sua necessidade ou escolha. \u201cA APS \u00e9 o alicerce do SUS, e estamos comprometidos em aprimorar constantemente esse pilar para oferecer uma assist\u00eancia integral \u00e0 nossa comunidade\u201d, afirmou.<\/p>\n<p data-raofz=\"16\">A diretora da Aten\u00e7\u00e3o B\u00e1sica da Rede Municipal de Sa\u00fade, enfermeira Andreia Lima, explica a pasta entende que a Aten\u00e7\u00e3o B\u00e1sica \u00e9 a base da rede de aten\u00e7\u00e3o \u00e0 sa\u00fade, e \u00e9 nesse ponto que sempre foi buscado promover melhorias significativas.<\/p>\n<p data-raofz=\"16\">\u201cUm dos principais desafios enfrentados pela APS \u00e9 a amplia\u00e7\u00e3o do acesso ao cuidado, especialmente considerando as longas filas, decorrente de demanda reprimida do agendamento eletivo para consulta m\u00e9dica, e a superlota\u00e7\u00e3o na Unidade de pronto atendimento (UPA), e \u00e9 exatamente nesse sentido que o Acesso Avan\u00e7ado foi implantado\u201d, explicou Andreia.<\/p>\n<p data-raofz=\"16\">\u201cAtrav\u00e9s do Acesso Avan\u00e7ado, conseguimos abordar condi\u00e7\u00f5es cr\u00f4nicas, eventos agudos, demandas administrativas, medidas preventivas e coordenar o cuidado dos pacientes, tudo seguindo o mesmo m\u00e9todo de agendamento, acolhimento e classifica\u00e7\u00e3o de risco\u201d, explica Elaine.<\/p>\n<p data-raofz=\"16\"><strong>O QUE MUDA<\/strong><\/p>\n<p data-raofz=\"16\">Anteriormente, a maior parte dos atendimentos eram feitos por agendamento, ou seja, a pessoa ia at\u00e9 a unidade, verificava qual dia tem agenda dispon\u00edvel para seu atendimento. Agora, a agenda permanece aberta, por\u00e9m com foco em permitir uma maior porcentagem de vagas dispon\u00edveis para o atendimento \u00e0 demanda espont\u00e2nea, ou seja, se houver vaga no dia, a pessoa j\u00e1 \u00e9 atendida ou do contr\u00e1rio, \u00e9 agendada para o dia mais pr\u00f3ximo com agenda dispon\u00edvel.<\/p>\n<p data-raofz=\"16\">\u201cA iniciativa visa melhorar o processo de acolhimento da demanda espont\u00e2nea, organizando o fluxo de atendimento, promovendo escuta qualificada e oferecendo acolhimento com classifica\u00e7\u00e3o de risco de acordo com a gravidade. Nosso foco \u00e9 a popula\u00e7\u00e3o e o seu bem-estar, com isso essa inova\u00e7\u00e3o no modelo de atendimento visa proporcionar uma experi\u00eancia mais eficiente e acolhedora\u201d, finalizou Elaine.<\/p>\n<p data-raofz=\"16\"><strong>ENTENDA MELHOR<\/strong><\/p>\n<p data-raofz=\"16\">\n<figure class=\"wp-block-gallery has-nested-images columns-default is-cropped wp-block-gallery-1 is-layout-flex wp-block-gallery-is-layout-flex\">\n<figure class=\"wp-block-image size-large\"><a role=\"link\" href=\"https:\/\/www.treslagoas.ms.gov.br\/wp-content\/uploads\/2024\/01\/IMAGEM-SITE-6.png\" data-raofz=\"16\"><img fetchpriority=\"high\" decoding=\"async\" class=\"wp-image-118828 lazyloaded\" src=\"https:\/\/www.treslagoas.ms.gov.br\/wp-content\/uploads\/2024\/01\/IMAGEM-SITE-6-920x648.png\" sizes=\"(max-width: 920px) 100vw, 920px\" srcset=\"https:\/\/www.treslagoas.ms.gov.br\/wp-content\/uploads\/2024\/01\/IMAGEM-SITE-6.png 920w, https:\/\/www.treslagoas.ms.gov.br\/wp-content\/uploads\/2024\/01\/IMAGEM-SITE-6-300x211.png 300w, https:\/\/www.treslagoas.ms.gov.br\/wp-content\/uploads\/2024\/01\/IMAGEM-SITE-6-768x541.png 768w, https:\/\/www.treslagoas.ms.gov.br\/wp-content\/uploads\/2024\/01\/IMAGEM-SITE-6-265x187.png 265w, https:\/\/www.treslagoas.ms.gov.br\/wp-content\/uploads\/2024\/01\/IMAGEM-SITE-6-600x423.png 600w\" alt=\"\" width=\"920\" height=\"648\" data-id=\"118828\" data-srcset=\"https:\/\/www.treslagoas.ms.gov.br\/wp-content\/uploads\/2024\/01\/IMAGEM-SITE-6.png 920w, https:\/\/www.treslagoas.ms.gov.br\/wp-content\/uploads\/2024\/01\/IMAGEM-SITE-6-300x211.png 300w, https:\/\/www.treslagoas.ms.gov.br\/wp-content\/uploads\/2024\/01\/IMAGEM-SITE-6-768x541.png 768w, https:\/\/www.treslagoas.ms.gov.br\/wp-content\/uploads\/2024\/01\/IMAGEM-SITE-6-265x187.png 265w, https:\/\/www.treslagoas.ms.gov.br\/wp-content\/uploads\/2024\/01\/IMAGEM-SITE-6-600x423.png 600w\" data-src=\"https:\/\/www.treslagoas.ms.gov.br\/wp-content\/uploads\/2024\/01\/IMAGEM-SITE-6-920x648.png\" data-sizes=\"(max-width: 920px) 100vw, 920px\" \/><\/a><\/figure>\n<\/figure>\n","protected":false},"excerpt":{"rendered":"<p>A Prefeitura de Tr\u00eas Lagoas, por meio da Secretaria Municipal de Sa\u00fade (SMS), sempre busca realizar melhoria cont\u00ednua da sa\u00fade p\u00fablica, principalmente na Aten\u00e7\u00e3o Prim\u00e1ria \u00e0 Sa\u00fade (APS) que \u00e9 a principal porta de entrada do Sistema \u00danico de Sa\u00fade (SUS), sendo vital para o acesso e qualidade do atendimento \u00e0 popula\u00e7\u00e3o. Desse modo, foi [&hellip;]<\/p>\n","protected":false},"author":2,"featured_media":24926,"comment_status":"open","ping_status":"open","sticky":false,"template":"","format":"standard","meta":{"om_disable_all_campaigns":false,"_monsterinsights_skip_tracking":false,"_monsterinsights_sitenote_active":false,"_monsterinsights_sitenote_note":"","_monsterinsights_sitenote_category":0,"footnotes":""},"categories":[36,44,48],"tags":[],"aioseo_notices":[],"_links":{"self":[{"href":"https:\/\/expressaoms.com.br\/index.php\/wp-json\/wp\/v2\/posts\/24925"}],"collection":[{"href":"https:\/\/expressaoms.com.br\/index.php\/wp-json\/wp\/v2\/posts"}],"about":[{"href":"https:\/\/expressaoms.com.br\/index.php\/wp-json\/wp\/v2\/types\/post"}],"author":[{"embeddable":true,"href":"https:\/\/expressaoms.com.br\/index.php\/wp-json\/wp\/v2\/users\/2"}],"replies":[{"embeddable":true,"href":"https:\/\/expressaoms.com.br\/index.php\/wp-json\/wp\/v2\/comments?post=24925"}],"version-history":[{"count":1,"href":"https:\/\/expressaoms.com.br\/index.php\/wp-json\/wp\/v2\/posts\/24925\/revisions"}],"predecessor-version":[{"id":24927,"href":"https:\/\/expressaoms.com.br\/index.php\/wp-json\/wp\/v2\/posts\/24925\/revisions\/24927"}],"wp:featuredmedia":[{"embeddable":true,"href":"https:\/\/expressaoms.com.br\/index.php\/wp-json\/wp\/v2\/media\/24926"}],"wp:attachment":[{"href":"https:\/\/expressaoms.com.br\/index.php\/wp-json\/wp\/v2\/media?parent=24925"}],"wp:term":[{"taxonomy":"category","embeddable":true,"href":"https:\/\/expressaoms.com.br\/index.php\/wp-json\/wp\/v2\/categories?post=24925"},{"taxonomy":"post_tag","embeddable":true,"href":"https:\/\/expressaoms.com.br\/index.php\/wp-json\/wp\/v2\/tags?post=24925"}],"curies":[{"name":"wp","href":"https:\/\/api.w.org\/{rel}","templated":true}]}}