{"id":25004,"date":"2024-02-01T09:13:43","date_gmt":"2024-02-01T12:13:43","guid":{"rendered":"https:\/\/expressaoms.com.br\/?p=25004"},"modified":"2024-02-01T09:14:18","modified_gmt":"2024-02-01T12:14:18","slug":"governo-de-ms-recebe-representantes-do-forum-dos-servidores-para-discutir-questao-previdenciaria","status":"publish","type":"post","link":"https:\/\/expressaoms.com.br\/index.php\/2024\/02\/01\/governo-de-ms-recebe-representantes-do-forum-dos-servidores-para-discutir-questao-previdenciaria\/","title":{"rendered":"Governo de MS recebe representantes do F\u00f3rum dos Servidores para discutir quest\u00e3o previdenci\u00e1ria"},"content":{"rendered":"<p>O Governo do Estado de Mato Grosso do Sul vai realizar estudo para criar aux\u00edlio aos servidores p\u00fablicos aposentados e pensionistas. A medida foi definida nesta quarta-feira (31), durante reuni\u00e3o entre o governador, Eduardo Riedel, e representantes do F\u00f3rum dos Servidores \u2013 com membros de diversos sindicatos de diferentes categorias.<\/p>\n<blockquote><p>\u201cO Governo est\u00e1 disposto a criar alternativa para apoiar os inativos, que recebem at\u00e9 uma determinada faixa salarial, ou at\u00e9 o teto. Por isso vamos fazer um estudo, incluindo todos. E at\u00e9 o fim do m\u00eas de fevereiro vamos informar como ser\u00e1 feito e o que ficou definido\u201d, disse Riedel.<\/p><\/blockquote>\n<p>No encontro o diretor-presidente da Ageprev (Ag\u00eancia de Previd\u00eancia Social de Mato Grosso do Sul), Jorge Oliveira Martins, apresentou a situa\u00e7\u00e3o da previd\u00eancia estadual, que tem quase R$ 20 milh\u00f5es de d\u00e9ficit mensal, valor que \u00e9 complementado com recursos do Tesouro do Estado.<\/p>\n<p>Os secret\u00e1rios Pedro Arlei Caravina (Segov), Eduardo Rocha (Casa Civil) e Ana Nardes (SAD), atenderam o grupo de aposentados que estiveram na Governadoria, informando o estudo que vai definir o tipo de aux\u00edlio que ser\u00e1 concedido, e sobre a reuni\u00e3o aberta na qual ser\u00e1 apresentado aos servidores a proposta e os n\u00fameros da situa\u00e7\u00e3o previdenci\u00e1ria do Estado.<\/p>\n<blockquote><p>\u201cAgrade\u00e7o ao governador e aos secret\u00e1rios, por nos receberem. A reuni\u00e3o foi produtiva e importante\u201d, disse Fabiano Reis, presidente do F\u00f3rum dos Servidores.<\/p><\/blockquote>\n","protected":false},"excerpt":{"rendered":"<p>O Governo do Estado de Mato Grosso do Sul vai realizar estudo para criar aux\u00edlio aos servidores p\u00fablicos aposentados e pensionistas. A medida foi definida nesta quarta-feira (31), durante reuni\u00e3o entre o governador, Eduardo Riedel, e representantes do F\u00f3rum dos Servidores \u2013 com membros de diversos sindicatos de diferentes categorias. \u201cO Governo est\u00e1 disposto a [&hellip;]<\/p>\n","protected":false},"author":2,"featured_media":25005,"comment_status":"open","ping_status":"open","sticky":false,"template":"","format":"standard","meta":{"om_disable_all_campaigns":false,"_monsterinsights_skip_tracking":false,"_monsterinsights_sitenote_active":false,"_monsterinsights_sitenote_note":"","_monsterinsights_sitenote_category":0,"footnotes":""},"categories":[30,266,42],"tags":[],"aioseo_notices":[],"_links":{"self":[{"href":"https:\/\/expressaoms.com.br\/index.php\/wp-json\/wp\/v2\/posts\/25004"}],"collection":[{"href":"https:\/\/expressaoms.com.br\/index.php\/wp-json\/wp\/v2\/posts"}],"about":[{"href":"https:\/\/expressaoms.com.br\/index.php\/wp-json\/wp\/v2\/types\/post"}],"author":[{"embeddable":true,"href":"https:\/\/expressaoms.com.br\/index.php\/wp-json\/wp\/v2\/users\/2"}],"replies":[{"embeddable":true,"href":"https:\/\/expressaoms.com.br\/index.php\/wp-json\/wp\/v2\/comments?post=25004"}],"version-history":[{"count":3,"href":"https:\/\/expressaoms.com.br\/index.php\/wp-json\/wp\/v2\/posts\/25004\/revisions"}],"predecessor-version":[{"id":25008,"href":"https:\/\/expressaoms.com.br\/index.php\/wp-json\/wp\/v2\/posts\/25004\/revisions\/25008"}],"wp:featuredmedia":[{"embeddable":true,"href":"https:\/\/expressaoms.com.br\/index.php\/wp-json\/wp\/v2\/media\/25005"}],"wp:attachment":[{"href":"https:\/\/expressaoms.com.br\/index.php\/wp-json\/wp\/v2\/media?parent=25004"}],"wp:term":[{"taxonomy":"category","embeddable":true,"href":"https:\/\/expressaoms.com.br\/index.php\/wp-json\/wp\/v2\/categories?post=25004"},{"taxonomy":"post_tag","embeddable":true,"href":"https:\/\/expressaoms.com.br\/index.php\/wp-json\/wp\/v2\/tags?post=25004"}],"curies":[{"name":"wp","href":"https:\/\/api.w.org\/{rel}","templated":true}]}}