{"id":25208,"date":"2024-02-06T18:35:47","date_gmt":"2024-02-06T21:35:47","guid":{"rendered":"https:\/\/expressaoms.com.br\/?p=25208"},"modified":"2024-02-07T18:36:32","modified_gmt":"2024-02-07T21:36:32","slug":"prefeito-dr-antonio-esclarece-procedimento-administrativo-sobre-o-evento-suino-brasa-fest-durante-live-semanal","status":"publish","type":"post","link":"https:\/\/expressaoms.com.br\/index.php\/2024\/02\/06\/prefeito-dr-antonio-esclarece-procedimento-administrativo-sobre-o-evento-suino-brasa-fest-durante-live-semanal\/","title":{"rendered":"Prefeito Dr. Antonio esclarece Procedimento Administrativo sobre o evento Su\u00edno Brasa Fest durante Live Semanal"},"content":{"rendered":"<p>Durante a manh\u00e3 de ter\u00e7a-feira (06), o prefeito Dr. Antonio Thiago utilizou sua plataforma de comunica\u00e7\u00e3o semanal para esclarecer o Procedimento Administrativo em aberto pelo Minist\u00e9rio P\u00fablico Estadual, que se refere \u00e0 apura\u00e7\u00e3o e fiscaliza\u00e7\u00e3o da verba p\u00fablica destinada aos eventos do 1\u00ba e 2\u00ba Su\u00edno Brasa Fest. A transmiss\u00e3o ao vivo contou com a participa\u00e7\u00e3o da comiss\u00e3o organizadora da festa, bem como da diretoria do Movimento Mulheres Empreendedoras, representadas por Fran Leite e Ang\u00e9lica Penha.<\/p>\n<p>Os Su\u00edno Brasa Fest, eventos promovidos pelo Movimento Mulheres Empreendedoras, foram realizados nos meses de outubro de 2022 e 2023, com o prop\u00f3sito de homenagear os suincultores de Brasil\u00e2ndia, celebrando a cultura local e fortalecendo os la\u00e7os comunit\u00e1rios. Ambas as festas contaram com o apoio da Prefeitura de Brasil\u00e2ndia, viabilizado por meio de Conv\u00eanio entre o Munic\u00edpio e a referida entidade.<\/p>\n<p>Durante a transmiss\u00e3o, o prefeito destacou que a presta\u00e7\u00e3o de contas referente ao ano de 2022 j\u00e1 foi aprovada pelo Munic\u00edpio e encaminhada ao Tribunal de Contas do Estado de Mato Grosso do Sul para an\u00e1lise. Quanto \u00e0 presta\u00e7\u00e3o de contas do ano passado, encontra-se em processo de finaliza\u00e7\u00e3o de an\u00e1lise por parte do Munic\u00edpio estando dentro do prazo e ser\u00e1 encaminhada em breve ao TCE\/MS para os devidos procedimentos de verifica\u00e7\u00e3o e aprova\u00e7\u00e3o, tamb\u00e9m dentro do prazo.<\/p>\n<p>A live semanal serviu como espa\u00e7o de di\u00e1logo e transpar\u00eancia, permitindo esclarecimentos importantes sobre o procedimento administrativo em quest\u00e3o. O prefeito reiterou o compromisso da administra\u00e7\u00e3o municipal com a correta aplica\u00e7\u00e3o dos recursos p\u00fablicos e com a transpar\u00eancia nas a\u00e7\u00f5es realizadas em parceria com entidades e movimentos locais, garantindo assim a lisura e a responsabilidade na gest\u00e3o dos eventos e das verbas destinadas a eles.<\/p>\n","protected":false},"excerpt":{"rendered":"<p>Durante a manh\u00e3 de ter\u00e7a-feira (06), o prefeito Dr. Antonio Thiago utilizou sua plataforma de comunica\u00e7\u00e3o semanal para esclarecer o Procedimento Administrativo em aberto pelo Minist\u00e9rio P\u00fablico Estadual, que se refere \u00e0 apura\u00e7\u00e3o e fiscaliza\u00e7\u00e3o da verba p\u00fablica destinada aos eventos do 1\u00ba e 2\u00ba Su\u00edno Brasa Fest. A transmiss\u00e3o ao vivo contou com a [&hellip;]<\/p>\n","protected":false},"author":2,"featured_media":25209,"comment_status":"open","ping_status":"open","sticky":false,"template":"","format":"standard","meta":{"om_disable_all_campaigns":false,"_monsterinsights_skip_tracking":false,"_monsterinsights_sitenote_active":false,"_monsterinsights_sitenote_note":"","_monsterinsights_sitenote_category":0,"footnotes":""},"categories":[26,193],"tags":[],"aioseo_notices":[],"_links":{"self":[{"href":"https:\/\/expressaoms.com.br\/index.php\/wp-json\/wp\/v2\/posts\/25208"}],"collection":[{"href":"https:\/\/expressaoms.com.br\/index.php\/wp-json\/wp\/v2\/posts"}],"about":[{"href":"https:\/\/expressaoms.com.br\/index.php\/wp-json\/wp\/v2\/types\/post"}],"author":[{"embeddable":true,"href":"https:\/\/expressaoms.com.br\/index.php\/wp-json\/wp\/v2\/users\/2"}],"replies":[{"embeddable":true,"href":"https:\/\/expressaoms.com.br\/index.php\/wp-json\/wp\/v2\/comments?post=25208"}],"version-history":[{"count":1,"href":"https:\/\/expressaoms.com.br\/index.php\/wp-json\/wp\/v2\/posts\/25208\/revisions"}],"predecessor-version":[{"id":25210,"href":"https:\/\/expressaoms.com.br\/index.php\/wp-json\/wp\/v2\/posts\/25208\/revisions\/25210"}],"wp:featuredmedia":[{"embeddable":true,"href":"https:\/\/expressaoms.com.br\/index.php\/wp-json\/wp\/v2\/media\/25209"}],"wp:attachment":[{"href":"https:\/\/expressaoms.com.br\/index.php\/wp-json\/wp\/v2\/media?parent=25208"}],"wp:term":[{"taxonomy":"category","embeddable":true,"href":"https:\/\/expressaoms.com.br\/index.php\/wp-json\/wp\/v2\/categories?post=25208"},{"taxonomy":"post_tag","embeddable":true,"href":"https:\/\/expressaoms.com.br\/index.php\/wp-json\/wp\/v2\/tags?post=25208"}],"curies":[{"name":"wp","href":"https:\/\/api.w.org\/{rel}","templated":true}]}}