{"id":25224,"date":"2024-02-08T11:26:49","date_gmt":"2024-02-08T14:26:49","guid":{"rendered":"https:\/\/expressaoms.com.br\/?p=25224"},"modified":"2024-02-08T11:26:49","modified_gmt":"2024-02-08T14:26:49","slug":"unidade-de-saude-do-bairro-nova-tres-lagoas-promove-acao-de-saude-em-clima-de-carnaval","status":"publish","type":"post","link":"https:\/\/expressaoms.com.br\/index.php\/2024\/02\/08\/unidade-de-saude-do-bairro-nova-tres-lagoas-promove-acao-de-saude-em-clima-de-carnaval\/","title":{"rendered":"Unidade de Sa\u00fade do Bairro Nova Tr\u00eas Lagoas promove a\u00e7\u00e3o de sa\u00fade em clima de Carnaval"},"content":{"rendered":"<p data-raofz=\"16\">Nesta sexta-feira, dia 9 de janeiro, das 16h30 \u00e0s 18h, a Secretaria Municipal de Sa\u00fade (SMS), por meio da Unidade de Sa\u00fade da Fam\u00edlia (USF) do Bairro Nova Tr\u00eas Lagoas, realizar\u00e1 uma a\u00e7\u00e3o de sa\u00fade em ritmo de Carnaval. O evento acontecer\u00e1 na Pra\u00e7a do bairro e tem como p\u00fablico-alvo crian\u00e7as e adolescentes de 11 a 18 anos de idade.<\/p>\n<p data-raofz=\"16\">A a\u00e7\u00e3o contar\u00e1 com uma s\u00e9rie de servi\u00e7os e atividades voltadas para a promo\u00e7\u00e3o da sa\u00fade e o bem-estar dos jovens. Entre os servi\u00e7os oferecidos estar\u00e3o:<\/p>\n<p data-raofz=\"16\">\u2013 Aferi\u00e7\u00e3o de press\u00e3o arterial e glicemia;<\/p>\n<p data-raofz=\"16\">\u2013 Verifica\u00e7\u00e3o do calend\u00e1rio vacinal e aplica\u00e7\u00e3o da vacina HPV;<\/p>\n<p data-raofz=\"16\">\u2013 Orienta\u00e7\u00f5es sobre preven\u00e7\u00e3o de infec\u00e7\u00f5es sexualmente transmiss\u00edveis (ISTs) e exposi\u00e7\u00e3o de m\u00e9todos contraceptivos;<\/p>\n<p data-raofz=\"16\">\u2013 Palestra com o M\u00e9dico Cl\u00ednico da unidade, Dr. Vin\u00edcius, sobre \u201cPreven\u00e7\u00e3o da gravidez na adolesc\u00eancia\u201d;<\/p>\n<p data-raofz=\"16\">\u2013 Distribui\u00e7\u00e3o de pipoca e algod\u00e3o-doce.<\/p>\n<p data-raofz=\"16\">A iniciativa busca promover a conscientiza\u00e7\u00e3o sobre a import\u00e2ncia da sa\u00fade preventiva entre os jovens, abordando temas relevantes para essa faixa et\u00e1ria, como a preven\u00e7\u00e3o de doen\u00e7as, cuidados com a sa\u00fade sexual e reprodutiva, al\u00e9m de incentivar a atualiza\u00e7\u00e3o do calend\u00e1rio vacinal.<\/p>\n<p data-raofz=\"16\">A participa\u00e7\u00e3o de toda a comunidade \u00e9 fundamental para o sucesso desta a\u00e7\u00e3o. Compare\u00e7a e aproveite esse momento de aprendizado e descontra\u00e7\u00e3o em clima de Carnaval!<\/p>\n","protected":false},"excerpt":{"rendered":"<p>Nesta sexta-feira, dia 9 de janeiro, das 16h30 \u00e0s 18h, a Secretaria Municipal de Sa\u00fade (SMS), por meio da Unidade de Sa\u00fade da Fam\u00edlia (USF) do Bairro Nova Tr\u00eas Lagoas, realizar\u00e1 uma a\u00e7\u00e3o de sa\u00fade em ritmo de Carnaval. O evento acontecer\u00e1 na Pra\u00e7a do bairro e tem como p\u00fablico-alvo crian\u00e7as e adolescentes de 11 [&hellip;]<\/p>\n","protected":false},"author":2,"featured_media":25225,"comment_status":"open","ping_status":"open","sticky":false,"template":"","format":"standard","meta":{"om_disable_all_campaigns":false,"_monsterinsights_skip_tracking":false,"_monsterinsights_sitenote_active":false,"_monsterinsights_sitenote_note":"","_monsterinsights_sitenote_category":0,"footnotes":""},"categories":[36,44,48],"tags":[],"aioseo_notices":[],"_links":{"self":[{"href":"https:\/\/expressaoms.com.br\/index.php\/wp-json\/wp\/v2\/posts\/25224"}],"collection":[{"href":"https:\/\/expressaoms.com.br\/index.php\/wp-json\/wp\/v2\/posts"}],"about":[{"href":"https:\/\/expressaoms.com.br\/index.php\/wp-json\/wp\/v2\/types\/post"}],"author":[{"embeddable":true,"href":"https:\/\/expressaoms.com.br\/index.php\/wp-json\/wp\/v2\/users\/2"}],"replies":[{"embeddable":true,"href":"https:\/\/expressaoms.com.br\/index.php\/wp-json\/wp\/v2\/comments?post=25224"}],"version-history":[{"count":1,"href":"https:\/\/expressaoms.com.br\/index.php\/wp-json\/wp\/v2\/posts\/25224\/revisions"}],"predecessor-version":[{"id":25226,"href":"https:\/\/expressaoms.com.br\/index.php\/wp-json\/wp\/v2\/posts\/25224\/revisions\/25226"}],"wp:featuredmedia":[{"embeddable":true,"href":"https:\/\/expressaoms.com.br\/index.php\/wp-json\/wp\/v2\/media\/25225"}],"wp:attachment":[{"href":"https:\/\/expressaoms.com.br\/index.php\/wp-json\/wp\/v2\/media?parent=25224"}],"wp:term":[{"taxonomy":"category","embeddable":true,"href":"https:\/\/expressaoms.com.br\/index.php\/wp-json\/wp\/v2\/categories?post=25224"},{"taxonomy":"post_tag","embeddable":true,"href":"https:\/\/expressaoms.com.br\/index.php\/wp-json\/wp\/v2\/tags?post=25224"}],"curies":[{"name":"wp","href":"https:\/\/api.w.org\/{rel}","templated":true}]}}