{"id":25313,"date":"2024-02-14T06:15:29","date_gmt":"2024-02-14T09:15:29","guid":{"rendered":"https:\/\/expressaoms.com.br\/?p=25313"},"modified":"2024-02-14T10:18:31","modified_gmt":"2024-02-14T13:18:31","slug":"quarta-feira-de-cinzas-pode-ter-tempestades-em-ms","status":"publish","type":"post","link":"https:\/\/expressaoms.com.br\/index.php\/2024\/02\/14\/quarta-feira-de-cinzas-pode-ter-tempestades-em-ms\/","title":{"rendered":"Quarta-feira de Cinzas pode ter tempestades em MS"},"content":{"rendered":"<p>A previs\u00e3o do Cemtec (Centro de Monitoramento do Tempo e do Clima) para esta quarta-feira (14)\u00a0 indica sol e varia\u00e7\u00e3o de nebulosidade. Al\u00e9m disso, a atua\u00e7\u00e3o de uma \u00e1rea de baixa press\u00e3o atmosf\u00e9rica e a disponibilidade de calor e umidade devem favorecer a forma\u00e7\u00e3o de nuvens e chuvas no estado.<\/p>\n<p>\u201cS\u00e3o esperadas chuvas de intensidade fraca a moderada e, pontualmente, devem ocorrer tempestades acompanhadas de raios e rajadas de vento\u201d. De acordo com o Cemtec, tais instabilidades atmosf\u00e9ricas ocorrem devido a aproxima\u00e7\u00e3o de uma frente fria aliada ao deslocamento de cavados.<\/p>\n<p>Em Campo Grande, as temperaturas variam entre 23\u00b0C e 30\u00b0C durante o dia. Dourados e Iguatemi, registram m\u00ednimas de 22\u00b0C e m\u00e1ximas de 32\u00b0C. Na fronteira com o Paraguai, Ponta Por\u00e3 marca 22\u00b0C inicialmente e chega aos 31\u00b0C nos hor\u00e1rios mais quentes.<\/p>\n<p>No Bols\u00e3o, Tr\u00eas Lagoas amanhece com 23\u00b0C e atinge 34\u00b0C \u00e0 tarde; Parana\u00edba tem m\u00ednima de 22\u00b0C e m\u00e1xima de 33\u00b0C. Em Coxim, na regi\u00e3o Norte, os term\u00f4metros registram 22\u00b0C no in\u00edcio do dia e chegam aos 32\u00b0C.<\/p>\n<p>Na regi\u00e3o pantaneira, Corumb\u00e1 tem m\u00ednima de 24\u00b0C e m\u00e1xima de 32\u00b0C, j\u00e1 Aquidauana apresenta varia\u00e7\u00e3o entre 24\u00b0C e 33\u00b0C. No Sudoeste do estado, Porto Murtinho tem 23\u00b0C pela manh\u00e3, com m\u00e1xima que atinge at\u00e9 33\u00b0C ao longo do dia.<\/p>\n<p><img fetchpriority=\"high\" decoding=\"async\" class=\"alignnone size-full wp-image-25314\" src=\"https:\/\/expressaoms.com.br\/wp-content\/uploads\/2024\/02\/Previsao-do-tempo-14-02-24-1024x724-1.jpeg\" alt=\"\" width=\"1024\" height=\"724\" srcset=\"https:\/\/expressaoms.com.br\/wp-content\/uploads\/2024\/02\/Previsao-do-tempo-14-02-24-1024x724-1.jpeg 1024w, https:\/\/expressaoms.com.br\/wp-content\/uploads\/2024\/02\/Previsao-do-tempo-14-02-24-1024x724-1-600x424.jpeg 600w, https:\/\/expressaoms.com.br\/wp-content\/uploads\/2024\/02\/Previsao-do-tempo-14-02-24-1024x724-1-300x212.jpeg 300w, https:\/\/expressaoms.com.br\/wp-content\/uploads\/2024\/02\/Previsao-do-tempo-14-02-24-1024x724-1-768x543.jpeg 768w\" sizes=\"(max-width: 1024px) 100vw, 1024px\" \/><\/p>\n","protected":false},"excerpt":{"rendered":"<p>A previs\u00e3o do Cemtec (Centro de Monitoramento do Tempo e do Clima) para esta quarta-feira (14)\u00a0 indica sol e varia\u00e7\u00e3o de nebulosidade. Al\u00e9m disso, a atua\u00e7\u00e3o de uma \u00e1rea de baixa press\u00e3o atmosf\u00e9rica e a disponibilidade de calor e umidade devem favorecer a forma\u00e7\u00e3o de nuvens e chuvas no estado. \u201cS\u00e3o esperadas chuvas de intensidade [&hellip;]<\/p>\n","protected":false},"author":3,"featured_media":25315,"comment_status":"open","ping_status":"open","sticky":false,"template":"","format":"standard","meta":{"om_disable_all_campaigns":false,"_monsterinsights_skip_tracking":false,"_monsterinsights_sitenote_active":false,"_monsterinsights_sitenote_note":"","_monsterinsights_sitenote_category":0,"footnotes":""},"categories":[30,36,266,47],"tags":[],"aioseo_notices":[],"_links":{"self":[{"href":"https:\/\/expressaoms.com.br\/index.php\/wp-json\/wp\/v2\/posts\/25313"}],"collection":[{"href":"https:\/\/expressaoms.com.br\/index.php\/wp-json\/wp\/v2\/posts"}],"about":[{"href":"https:\/\/expressaoms.com.br\/index.php\/wp-json\/wp\/v2\/types\/post"}],"author":[{"embeddable":true,"href":"https:\/\/expressaoms.com.br\/index.php\/wp-json\/wp\/v2\/users\/3"}],"replies":[{"embeddable":true,"href":"https:\/\/expressaoms.com.br\/index.php\/wp-json\/wp\/v2\/comments?post=25313"}],"version-history":[{"count":1,"href":"https:\/\/expressaoms.com.br\/index.php\/wp-json\/wp\/v2\/posts\/25313\/revisions"}],"predecessor-version":[{"id":25316,"href":"https:\/\/expressaoms.com.br\/index.php\/wp-json\/wp\/v2\/posts\/25313\/revisions\/25316"}],"wp:featuredmedia":[{"embeddable":true,"href":"https:\/\/expressaoms.com.br\/index.php\/wp-json\/wp\/v2\/media\/25315"}],"wp:attachment":[{"href":"https:\/\/expressaoms.com.br\/index.php\/wp-json\/wp\/v2\/media?parent=25313"}],"wp:term":[{"taxonomy":"category","embeddable":true,"href":"https:\/\/expressaoms.com.br\/index.php\/wp-json\/wp\/v2\/categories?post=25313"},{"taxonomy":"post_tag","embeddable":true,"href":"https:\/\/expressaoms.com.br\/index.php\/wp-json\/wp\/v2\/tags?post=25313"}],"curies":[{"name":"wp","href":"https:\/\/api.w.org\/{rel}","templated":true}]}}