{"id":25327,"date":"2024-02-12T11:23:28","date_gmt":"2024-02-12T14:23:28","guid":{"rendered":"https:\/\/expressaoms.com.br\/?p=25327"},"modified":"2024-02-14T11:24:01","modified_gmt":"2024-02-14T14:24:01","slug":"obra-do-instituto-de-longa-permanencia-ilpi-avanca","status":"publish","type":"post","link":"https:\/\/expressaoms.com.br\/index.php\/2024\/02\/12\/obra-do-instituto-de-longa-permanencia-ilpi-avanca\/","title":{"rendered":"Obra do Instituto de Longa permanencia (ILPI) avan\u00e7a"},"content":{"rendered":"<p>A Prefeitura de Brasil\u00e2ndia, atrav\u00e9s da Secretaria Municipal de Obras, avan\u00e7a com as obras de constru\u00e7\u00e3o do Instituto de Longa Perman\u00eancia da Pessoa Idosa (ILPI).<\/p>\n<p>O novo pr\u00e9dio abrigar\u00e1 futuramente at\u00e9 22 idosos, sendo entre homens e mulheres, oferecendo um espa\u00e7o adequado de acolhimento aos que necessitam de cuidados e que estejam em vulnerabilidade social.<\/p>\n<p>Sob a gest\u00e3o da Secretaria Municipal de Assist\u00eancia Social, a secret\u00e1ria da pasta, Lilian Bertonha, ressaltou que a constru\u00e7\u00e3o do ILPI \u00e9 mais uma grande conquista para o munic\u00edpio.<\/p>\n<p>\u201cVamos dispor de uma unidade pronta para acolher aos idosos de forma provis\u00f3ria ou de longa perman\u00eancia, e ser\u00e1 tamb\u00e9m um local de acolhimento com dignidade, respeito e todo o suporte. Com uma infraestrutura adequada de acordo com as normas e o estatuto do idoso,\u00a0 ofertaremos os servi\u00e7os nas \u00e1reas da sa\u00fade, assist\u00eancia social, lazer e outros cuidados para a garantia de seus direitos\u201d.<\/p>\n<p>O prefeito Dr. Antonio destacou que o fruto de uma gest\u00e3o com equil\u00edbrio financeiro, permite a\u00e7\u00f5es de melhoria ao Munic\u00edpio.<\/p>\n<p>\u201cO investimento ser\u00e1 com recursos pr\u00f3prios no valor de R$ 4.118.327,31 e vai garantir um espa\u00e7o seguro e adequado aos idosos que necessitam de um servi\u00e7o de acolhimento, provis\u00f3rio ou permanente, para que possam desenvolver atividades e o conv\u00edvio social, com a aten\u00e7\u00e3o que merecem\u201d, disse.<\/p>\n","protected":false},"excerpt":{"rendered":"<p>A Prefeitura de Brasil\u00e2ndia, atrav\u00e9s da Secretaria Municipal de Obras, avan\u00e7a com as obras de constru\u00e7\u00e3o do Instituto de Longa Perman\u00eancia da Pessoa Idosa (ILPI). O novo pr\u00e9dio abrigar\u00e1 futuramente at\u00e9 22 idosos, sendo entre homens e mulheres, oferecendo um espa\u00e7o adequado de acolhimento aos que necessitam de cuidados e que estejam em vulnerabilidade social. [&hellip;]<\/p>\n","protected":false},"author":2,"featured_media":25328,"comment_status":"open","ping_status":"open","sticky":false,"template":"","format":"standard","meta":{"om_disable_all_campaigns":false,"_monsterinsights_skip_tracking":false,"_monsterinsights_sitenote_active":false,"_monsterinsights_sitenote_note":"","_monsterinsights_sitenote_category":0,"footnotes":""},"categories":[26,193],"tags":[],"aioseo_notices":[],"_links":{"self":[{"href":"https:\/\/expressaoms.com.br\/index.php\/wp-json\/wp\/v2\/posts\/25327"}],"collection":[{"href":"https:\/\/expressaoms.com.br\/index.php\/wp-json\/wp\/v2\/posts"}],"about":[{"href":"https:\/\/expressaoms.com.br\/index.php\/wp-json\/wp\/v2\/types\/post"}],"author":[{"embeddable":true,"href":"https:\/\/expressaoms.com.br\/index.php\/wp-json\/wp\/v2\/users\/2"}],"replies":[{"embeddable":true,"href":"https:\/\/expressaoms.com.br\/index.php\/wp-json\/wp\/v2\/comments?post=25327"}],"version-history":[{"count":1,"href":"https:\/\/expressaoms.com.br\/index.php\/wp-json\/wp\/v2\/posts\/25327\/revisions"}],"predecessor-version":[{"id":25329,"href":"https:\/\/expressaoms.com.br\/index.php\/wp-json\/wp\/v2\/posts\/25327\/revisions\/25329"}],"wp:featuredmedia":[{"embeddable":true,"href":"https:\/\/expressaoms.com.br\/index.php\/wp-json\/wp\/v2\/media\/25328"}],"wp:attachment":[{"href":"https:\/\/expressaoms.com.br\/index.php\/wp-json\/wp\/v2\/media?parent=25327"}],"wp:term":[{"taxonomy":"category","embeddable":true,"href":"https:\/\/expressaoms.com.br\/index.php\/wp-json\/wp\/v2\/categories?post=25327"},{"taxonomy":"post_tag","embeddable":true,"href":"https:\/\/expressaoms.com.br\/index.php\/wp-json\/wp\/v2\/tags?post=25327"}],"curies":[{"name":"wp","href":"https:\/\/api.w.org\/{rel}","templated":true}]}}