{"id":25459,"date":"2024-02-20T09:23:03","date_gmt":"2024-02-20T12:23:03","guid":{"rendered":"https:\/\/expressaoms.com.br\/?p=25459"},"modified":"2024-02-21T10:05:04","modified_gmt":"2024-02-21T13:05:04","slug":"furto-de-cabos-de-antena-deixa-samu-sem-comunicacao-por-radio","status":"publish","type":"post","link":"https:\/\/expressaoms.com.br\/index.php\/2024\/02\/20\/furto-de-cabos-de-antena-deixa-samu-sem-comunicacao-por-radio\/","title":{"rendered":"Furto de cabos de antena deixa SAMU sem comunica\u00e7\u00e3o por r\u00e1dio"},"content":{"rendered":"<p data-raofz=\"16\">O Servi\u00e7o de Atendimento M\u00f3vel de Urg\u00eancia (SAMU) de Tr\u00eas Lagoas est\u00e1 enfrentando dificuldades de comunica\u00e7\u00e3o ap\u00f3s o furto de cabos na central de antena, localizada pr\u00f3xima ao Departamento de Servi\u00e7os P\u00fablicos (DSP), na Rua Trajano dos Santos, sentido MS-320, no Bairro Santa Luzia.<\/p>\n<p data-raofz=\"16\">O furto dos cabos, ocorrido durante a manh\u00e3 desta segunda-feira, 19 de fevereiro, deixou o SAMU sem comunica\u00e7\u00e3o por r\u00e1dio. Sem previs\u00e3o para finalizar os reparos e substitui\u00e7\u00e3o dos cabos furtados, o SAMU est\u00e1 temporariamente se comunicando via celular com as ambul\u00e2ncias em campo.<\/p>\n<p data-raofz=\"16\">Essa situa\u00e7\u00e3o prejudica a agilidade e efetividade do atendimento \u00e0s ocorr\u00eancias de emerg\u00eancia, j\u00e1 que a comunica\u00e7\u00e3o por r\u00e1dio \u00e9 essencial para coordenar as a\u00e7\u00f5es da equipe e garantir uma resposta r\u00e1pida e eficiente aos chamados. A popula\u00e7\u00e3o que necessitar acionar o SAMU deve continuar ligando para o n\u00famero 192 em caso de emerg\u00eancia.<\/p>\n<p data-raofz=\"16\"><strong>DEN\u00daNCIA<\/strong><\/p>\n<p data-raofz=\"16\">Caso algu\u00e9m tenha informa\u00e7\u00f5es sobre os respons\u00e1veis pelo furto dos cabos, \u00e9 poss\u00edvel realizar den\u00fancias anonimamente entrando em contato com a Pol\u00edcia Militar pelo telefone 190.<\/p>\n","protected":false},"excerpt":{"rendered":"<p>O Servi\u00e7o de Atendimento M\u00f3vel de Urg\u00eancia (SAMU) de Tr\u00eas Lagoas est\u00e1 enfrentando dificuldades de comunica\u00e7\u00e3o ap\u00f3s o furto de cabos na central de antena, localizada pr\u00f3xima ao Departamento de Servi\u00e7os P\u00fablicos (DSP), na Rua Trajano dos Santos, sentido MS-320, no Bairro Santa Luzia. O furto dos cabos, ocorrido durante a manh\u00e3 desta segunda-feira, 19 [&hellip;]<\/p>\n","protected":false},"author":2,"featured_media":25460,"comment_status":"open","ping_status":"open","sticky":false,"template":"","format":"standard","meta":{"om_disable_all_campaigns":false,"_monsterinsights_skip_tracking":false,"_monsterinsights_sitenote_active":false,"_monsterinsights_sitenote_note":"","_monsterinsights_sitenote_category":0,"footnotes":""},"categories":[30,41,48],"tags":[],"aioseo_notices":[],"_links":{"self":[{"href":"https:\/\/expressaoms.com.br\/index.php\/wp-json\/wp\/v2\/posts\/25459"}],"collection":[{"href":"https:\/\/expressaoms.com.br\/index.php\/wp-json\/wp\/v2\/posts"}],"about":[{"href":"https:\/\/expressaoms.com.br\/index.php\/wp-json\/wp\/v2\/types\/post"}],"author":[{"embeddable":true,"href":"https:\/\/expressaoms.com.br\/index.php\/wp-json\/wp\/v2\/users\/2"}],"replies":[{"embeddable":true,"href":"https:\/\/expressaoms.com.br\/index.php\/wp-json\/wp\/v2\/comments?post=25459"}],"version-history":[{"count":1,"href":"https:\/\/expressaoms.com.br\/index.php\/wp-json\/wp\/v2\/posts\/25459\/revisions"}],"predecessor-version":[{"id":25461,"href":"https:\/\/expressaoms.com.br\/index.php\/wp-json\/wp\/v2\/posts\/25459\/revisions\/25461"}],"wp:featuredmedia":[{"embeddable":true,"href":"https:\/\/expressaoms.com.br\/index.php\/wp-json\/wp\/v2\/media\/25460"}],"wp:attachment":[{"href":"https:\/\/expressaoms.com.br\/index.php\/wp-json\/wp\/v2\/media?parent=25459"}],"wp:term":[{"taxonomy":"category","embeddable":true,"href":"https:\/\/expressaoms.com.br\/index.php\/wp-json\/wp\/v2\/categories?post=25459"},{"taxonomy":"post_tag","embeddable":true,"href":"https:\/\/expressaoms.com.br\/index.php\/wp-json\/wp\/v2\/tags?post=25459"}],"curies":[{"name":"wp","href":"https:\/\/api.w.org\/{rel}","templated":true}]}}