{"id":25615,"date":"2024-02-27T16:10:37","date_gmt":"2024-02-27T19:10:37","guid":{"rendered":"https:\/\/expressaoms.com.br\/?p=25615"},"modified":"2024-02-27T16:10:37","modified_gmt":"2024-02-27T19:10:37","slug":"luta-contra-a-dengue-prefeitura-promoveu-acao-de-mobilizacao-e-combate-ao-aedes-aegypti-na-area-central","status":"publish","type":"post","link":"https:\/\/expressaoms.com.br\/index.php\/2024\/02\/27\/luta-contra-a-dengue-prefeitura-promoveu-acao-de-mobilizacao-e-combate-ao-aedes-aegypti-na-area-central\/","title":{"rendered":"LUTA CONTRA A DENGUE \u2013 Prefeitura promoveu a\u00e7\u00e3o de mobiliza\u00e7\u00e3o e combate ao Aedes aegypti na \u00e1rea central"},"content":{"rendered":"<p data-raofz=\"16\">Na luta contra a dengue, a Prefeitura de Tr\u00eas Lagoas, por meio da Secretaria Municipal de Sa\u00fade (SMS), promoveu, nesta ter\u00e7a-feira, 27 de fevereiro, mais um ato no combate ao mosquito Aedes aegypti, que \u00e9 transmissor da Dengue, Zika e Chikungunya. A a\u00e7\u00e3o de mobiliza\u00e7\u00e3o e combate ao Aedes aegypti na \u00e1rea central, em parceria com as entidades participantes do Comit\u00ea de Mobiliza\u00e7\u00e3o e Combate \u00e0 Dengue, aconteceu na Pra\u00e7a Senador \u201cRamez Tebet\u201d.<\/p>\n<p data-raofz=\"16\">Acompanhada do prefeito Angelo Guerreiro, a secret\u00e1ria da SMS, Elaine F\u00fario, enfatizou que esta n\u00e3o \u00e9 apenas mais uma a\u00e7\u00e3o realizada no combate \u00e0 dengue. \u201cTrabalhamos todos os dias nessa luta e nosso maior desafio \u00e9 a conscientiza\u00e7\u00e3o da popula\u00e7\u00e3o\u201d, disse Elaine. Ela completou alertando: \u201cO Estado j\u00e1 informou que teremos uma epidemia em Mato Grosso do Sul, e a cidade que trabalhar em conjunto com a popula\u00e7\u00e3o sofrer\u00e1 menos\u201d.<\/p>\n<p data-raofz=\"16\">Participaram da a\u00e7\u00e3o servidores da SMS, do setor de endemias e vigil\u00e2ncia em sa\u00fade. Eles realizaram termonebuliza\u00e7\u00e3o nos bueiros, visitaram todos os com\u00e9rcios efetuando orienta\u00e7\u00f5es e vistorias nos estabelecimentos e resid\u00eancias, realizaram blitz educativa de tr\u00e2nsito e utilizaram drone para verificar pontos de dif\u00edcil acesso, como telhados, caixas d\u2019\u00e1gua, calhas, lajes e piscinas.<\/p>\n<p data-raofz=\"16\">O coordenador do setor de Endemias, Alcides Ferreira, explicou que a \u00e1rea central foi escolhida para receber essa a\u00e7\u00e3o, pois registrou, no \u00faltimo Levantamento de \u00cdndices R\u00e1pido do Aedes aegypti (LIRAa), alto \u00edndice de focos do mosquito. Al\u00e9m das atividades promovidas, na oportunidade foi entregue aos agentes de endemias um aparelho celular da Secretaria Estadual de Sa\u00fade (SES), para utiliza\u00e7\u00e3o na rotina de trabalho dos servidores. Nele, o profissional registrar\u00e1 todas as atividades realizadas durante as visitas. Ao todo, neste primeiro momento, o Munic\u00edpio recebeu 70 unidades, e em breve o Estado enviar\u00e1 mais aparelhos.<\/p>\n<p data-raofz=\"16\">O prefeito Angelo Guerreiro, durante seu discurso, fez um importante pedido a todos presentes. \u201cPrecisamos da participa\u00e7\u00e3o de todos para vencer essa luta contra o mosquito\u201d. Guerreiro ressaltou: \u201cPor mais que nossa equipe trabalhe, que fa\u00e7amos v\u00e1rias a\u00e7\u00f5es, nos esforcemos, a popula\u00e7\u00e3o precisa fazer sua parte. Sozinhos n\u00e3o vamos conseguir. N\u00e3o depende apenas da Administra\u00e7\u00e3o Municipal. Sem o seu empenho, sem seu vizinho fazer a parte dele, a dengue vai vencer\u201d.<\/p>\n","protected":false},"excerpt":{"rendered":"<p>Na luta contra a dengue, a Prefeitura de Tr\u00eas Lagoas, por meio da Secretaria Municipal de Sa\u00fade (SMS), promoveu, nesta ter\u00e7a-feira, 27 de fevereiro, mais um ato no combate ao mosquito Aedes aegypti, que \u00e9 transmissor da Dengue, Zika e Chikungunya. A a\u00e7\u00e3o de mobiliza\u00e7\u00e3o e combate ao Aedes aegypti na \u00e1rea central, em parceria [&hellip;]<\/p>\n","protected":false},"author":2,"featured_media":25618,"comment_status":"open","ping_status":"open","sticky":false,"template":"","format":"standard","meta":{"om_disable_all_campaigns":false,"_monsterinsights_skip_tracking":false,"_monsterinsights_sitenote_active":false,"_monsterinsights_sitenote_note":"","_monsterinsights_sitenote_category":0,"footnotes":""},"categories":[36,44,48],"tags":[],"aioseo_notices":[],"_links":{"self":[{"href":"https:\/\/expressaoms.com.br\/index.php\/wp-json\/wp\/v2\/posts\/25615"}],"collection":[{"href":"https:\/\/expressaoms.com.br\/index.php\/wp-json\/wp\/v2\/posts"}],"about":[{"href":"https:\/\/expressaoms.com.br\/index.php\/wp-json\/wp\/v2\/types\/post"}],"author":[{"embeddable":true,"href":"https:\/\/expressaoms.com.br\/index.php\/wp-json\/wp\/v2\/users\/2"}],"replies":[{"embeddable":true,"href":"https:\/\/expressaoms.com.br\/index.php\/wp-json\/wp\/v2\/comments?post=25615"}],"version-history":[{"count":1,"href":"https:\/\/expressaoms.com.br\/index.php\/wp-json\/wp\/v2\/posts\/25615\/revisions"}],"predecessor-version":[{"id":25619,"href":"https:\/\/expressaoms.com.br\/index.php\/wp-json\/wp\/v2\/posts\/25615\/revisions\/25619"}],"wp:featuredmedia":[{"embeddable":true,"href":"https:\/\/expressaoms.com.br\/index.php\/wp-json\/wp\/v2\/media\/25618"}],"wp:attachment":[{"href":"https:\/\/expressaoms.com.br\/index.php\/wp-json\/wp\/v2\/media?parent=25615"}],"wp:term":[{"taxonomy":"category","embeddable":true,"href":"https:\/\/expressaoms.com.br\/index.php\/wp-json\/wp\/v2\/categories?post=25615"},{"taxonomy":"post_tag","embeddable":true,"href":"https:\/\/expressaoms.com.br\/index.php\/wp-json\/wp\/v2\/tags?post=25615"}],"curies":[{"name":"wp","href":"https:\/\/api.w.org\/{rel}","templated":true}]}}