{"id":25645,"date":"2024-02-29T09:10:10","date_gmt":"2024-02-29T12:10:10","guid":{"rendered":"https:\/\/expressaoms.com.br\/?p=25645"},"modified":"2024-02-29T09:10:10","modified_gmt":"2024-02-29T12:10:10","slug":"ms-tem-deficit-de-44-mil-policiais-militares-e-1-mil-agentes-da-policia-civil-aponta-estudo","status":"publish","type":"post","link":"https:\/\/expressaoms.com.br\/index.php\/2024\/02\/29\/ms-tem-deficit-de-44-mil-policiais-militares-e-1-mil-agentes-da-policia-civil-aponta-estudo\/","title":{"rendered":"MS tem d\u00e9ficit de 4,4 mil policiais militares e 1 mil agentes da Pol\u00edcia Civil, aponta estudo"},"content":{"rendered":"<p>Mato Grosso do Sul conta com um d\u00e9ficit de 4,4 mil policiais militares e mil agentes da Pol\u00edcia Civil, segundo levantamento realizado pelo F\u00f3rum de Seguran\u00e7a P\u00fablica. No Pa\u00eds, h\u00e1 179,5 mil vagas n\u00e3o preenchidas na PM e outras 55,2 mil na Civil, de acordo com o Raio-X da For\u00e7a de Seguran\u00e7a P\u00fablica no Brasil divulgado nesta ter\u00e7a-feira (27).<\/p>\n<p>No Estado, a Secretaria Estadual de Justi\u00e7a e Seguran\u00e7a P\u00fablica considera que o efetivo ideal da PM seria de 9,6 mil militares. Contudo, existem atualmente 5,2 mil policiais militares na ativa, o que representa 54,5% do ideal.<\/p>\n<p>Na Pol\u00edcia Civil, o n\u00famero ideal era de 3 mil policiais civis, mas atualmente 2 mil (66,4%) est\u00e3o na ativa. Na pr\u00e1tica, isso significa que seria necess\u00e1rio a realiza\u00e7\u00e3o de concurso p\u00fablico para a contrata\u00e7\u00e3o de 5,4 mil novos policiais civis e militares em MS.<\/p>\n<p>Apesar do d\u00e9ficit, houve acr\u00e9scimo de 24,5% no n\u00famero de inqu\u00e9ritos relatados pela Pol\u00edcia Civil no Estado. De acordo com o F\u00f3rum de Seguran\u00e7a P\u00fablica, o n\u00famero passou de 35,6 mil, em 2021, para 44,2 mil em 2022.<\/p>\n<p>&nbsp;<\/p>\n<pre>Com O Jacar\u00e9<\/pre>\n","protected":false},"excerpt":{"rendered":"<p>Mato Grosso do Sul conta com um d\u00e9ficit de 4,4 mil policiais militares e mil agentes da Pol\u00edcia Civil, segundo levantamento realizado pelo F\u00f3rum de Seguran\u00e7a P\u00fablica. No Pa\u00eds, h\u00e1 179,5 mil vagas n\u00e3o preenchidas na PM e outras 55,2 mil na Civil, de acordo com o Raio-X da For\u00e7a de Seguran\u00e7a P\u00fablica no Brasil [&hellip;]<\/p>\n","protected":false},"author":3,"featured_media":25646,"comment_status":"open","ping_status":"open","sticky":false,"template":"","format":"standard","meta":{"om_disable_all_campaigns":false,"_monsterinsights_skip_tracking":false,"_monsterinsights_sitenote_active":false,"_monsterinsights_sitenote_note":"","_monsterinsights_sitenote_category":0,"footnotes":""},"categories":[30,266,41],"tags":[],"aioseo_notices":[],"_links":{"self":[{"href":"https:\/\/expressaoms.com.br\/index.php\/wp-json\/wp\/v2\/posts\/25645"}],"collection":[{"href":"https:\/\/expressaoms.com.br\/index.php\/wp-json\/wp\/v2\/posts"}],"about":[{"href":"https:\/\/expressaoms.com.br\/index.php\/wp-json\/wp\/v2\/types\/post"}],"author":[{"embeddable":true,"href":"https:\/\/expressaoms.com.br\/index.php\/wp-json\/wp\/v2\/users\/3"}],"replies":[{"embeddable":true,"href":"https:\/\/expressaoms.com.br\/index.php\/wp-json\/wp\/v2\/comments?post=25645"}],"version-history":[{"count":1,"href":"https:\/\/expressaoms.com.br\/index.php\/wp-json\/wp\/v2\/posts\/25645\/revisions"}],"predecessor-version":[{"id":25647,"href":"https:\/\/expressaoms.com.br\/index.php\/wp-json\/wp\/v2\/posts\/25645\/revisions\/25647"}],"wp:featuredmedia":[{"embeddable":true,"href":"https:\/\/expressaoms.com.br\/index.php\/wp-json\/wp\/v2\/media\/25646"}],"wp:attachment":[{"href":"https:\/\/expressaoms.com.br\/index.php\/wp-json\/wp\/v2\/media?parent=25645"}],"wp:term":[{"taxonomy":"category","embeddable":true,"href":"https:\/\/expressaoms.com.br\/index.php\/wp-json\/wp\/v2\/categories?post=25645"},{"taxonomy":"post_tag","embeddable":true,"href":"https:\/\/expressaoms.com.br\/index.php\/wp-json\/wp\/v2\/tags?post=25645"}],"curies":[{"name":"wp","href":"https:\/\/api.w.org\/{rel}","templated":true}]}}