{"id":25725,"date":"2024-03-05T08:41:06","date_gmt":"2024-03-05T11:41:06","guid":{"rendered":"https:\/\/expressaoms.com.br\/?p=25725"},"modified":"2024-03-05T08:41:06","modified_gmt":"2024-03-05T11:41:06","slug":"policiais-militares-recuperam-motocicleta-furtada-e-prendem-receptador-em-tres-lagoas","status":"publish","type":"post","link":"https:\/\/expressaoms.com.br\/index.php\/2024\/03\/05\/policiais-militares-recuperam-motocicleta-furtada-e-prendem-receptador-em-tres-lagoas\/","title":{"rendered":"Policiais Militares recuperam motocicleta furtada e prendem receptador em Tr\u00eas Lagoas"},"content":{"rendered":"<p>No \u00faltimo domingo, dia 3 de mar\u00e7o, em Tr\u00eas Lagoas, os policiais militares do 2\u00ba Batalh\u00e3o de Pol\u00edcia Militar realizaram uma opera\u00e7\u00e3o que resultou na recupera\u00e7\u00e3o de uma motocicleta furtada e na pris\u00e3o do respons\u00e1vel por recepta\u00e7\u00e3o.<\/p>\n<p>O epis\u00f3dio ocorreu por volta das 11h40, quando uma guarni\u00e7\u00e3o da For\u00e7a T\u00e1tica do 2\u00ba BPM, durante rondas no bairro Vila Piloto, na rua Trinta e Oito, avistou uma motocicleta de cor aparentemente preta, estacionada de forma irregular e sem a placa de identifica\u00e7\u00e3o veicular. Os policiais prontamente abordaram o local e, ao verificar a moto, constataram que a numera\u00e7\u00e3o do chassi e do motor estavam raspados, al\u00e9m de ter sido adulterada a igni\u00e7\u00e3o com uma liga\u00e7\u00e3o de fios para funcionar sem a chave.<\/p>\n<p>Ao interrogar os quatro homens e uma mulher que se encontravam na resid\u00eancia pr\u00f3xima ao ve\u00edculo, um homem de 20 anos confessou ter pego a moto no pr\u00f3prio bairro, nas proximidades da figueira. Contudo, ap\u00f3s uma verifica\u00e7\u00e3o minuciosa, os policiais identificaram, atrav\u00e9s do NIV (n\u00famero de identifica\u00e7\u00e3o veicular) nas etiquetas de identifica\u00e7\u00e3o, que a motocicleta em quest\u00e3o era uma Honda\/CG 150 Titan KS, de cor vermelha, que havia sido furtada na noite do dia 28 de fevereiro, enquanto estava estacionada em frente a uma faculdade na avenida Ponta Por\u00e3.<\/p>\n<p>Diante da evid\u00eancia de recepta\u00e7\u00e3o, o indiv\u00edduo foi detido e recebeu voz de pris\u00e3o, sendo posteriormente encaminhado \u00e0 Delegacia de Pol\u00edcia, juntamente com a motocicleta recuperada, para os procedimentos legais.<\/p>\n","protected":false},"excerpt":{"rendered":"<p>No \u00faltimo domingo, dia 3 de mar\u00e7o, em Tr\u00eas Lagoas, os policiais militares do 2\u00ba Batalh\u00e3o de Pol\u00edcia Militar realizaram uma opera\u00e7\u00e3o que resultou na recupera\u00e7\u00e3o de uma motocicleta furtada e na pris\u00e3o do respons\u00e1vel por recepta\u00e7\u00e3o. O epis\u00f3dio ocorreu por volta das 11h40, quando uma guarni\u00e7\u00e3o da For\u00e7a T\u00e1tica do 2\u00ba BPM, durante rondas [&hellip;]<\/p>\n","protected":false},"author":2,"featured_media":25726,"comment_status":"open","ping_status":"open","sticky":false,"template":"","format":"standard","meta":{"om_disable_all_campaigns":false,"_monsterinsights_skip_tracking":false,"_monsterinsights_sitenote_active":false,"_monsterinsights_sitenote_note":"","_monsterinsights_sitenote_category":0,"footnotes":""},"categories":[30,41,48],"tags":[],"aioseo_notices":[],"_links":{"self":[{"href":"https:\/\/expressaoms.com.br\/index.php\/wp-json\/wp\/v2\/posts\/25725"}],"collection":[{"href":"https:\/\/expressaoms.com.br\/index.php\/wp-json\/wp\/v2\/posts"}],"about":[{"href":"https:\/\/expressaoms.com.br\/index.php\/wp-json\/wp\/v2\/types\/post"}],"author":[{"embeddable":true,"href":"https:\/\/expressaoms.com.br\/index.php\/wp-json\/wp\/v2\/users\/2"}],"replies":[{"embeddable":true,"href":"https:\/\/expressaoms.com.br\/index.php\/wp-json\/wp\/v2\/comments?post=25725"}],"version-history":[{"count":1,"href":"https:\/\/expressaoms.com.br\/index.php\/wp-json\/wp\/v2\/posts\/25725\/revisions"}],"predecessor-version":[{"id":25727,"href":"https:\/\/expressaoms.com.br\/index.php\/wp-json\/wp\/v2\/posts\/25725\/revisions\/25727"}],"wp:featuredmedia":[{"embeddable":true,"href":"https:\/\/expressaoms.com.br\/index.php\/wp-json\/wp\/v2\/media\/25726"}],"wp:attachment":[{"href":"https:\/\/expressaoms.com.br\/index.php\/wp-json\/wp\/v2\/media?parent=25725"}],"wp:term":[{"taxonomy":"category","embeddable":true,"href":"https:\/\/expressaoms.com.br\/index.php\/wp-json\/wp\/v2\/categories?post=25725"},{"taxonomy":"post_tag","embeddable":true,"href":"https:\/\/expressaoms.com.br\/index.php\/wp-json\/wp\/v2\/tags?post=25725"}],"curies":[{"name":"wp","href":"https:\/\/api.w.org\/{rel}","templated":true}]}}