{"id":25771,"date":"2024-03-06T05:56:17","date_gmt":"2024-03-06T08:56:17","guid":{"rendered":"https:\/\/expressaoms.com.br\/?p=25771"},"modified":"2024-03-06T12:05:03","modified_gmt":"2024-03-06T15:05:03","slug":"projeto-givas-solicita-cedencia-de-predio-da-ilpi-para-abrigar-futuramente-as-criancas-atendidas","status":"publish","type":"post","link":"https:\/\/expressaoms.com.br\/index.php\/2024\/03\/06\/projeto-givas-solicita-cedencia-de-predio-da-ilpi-para-abrigar-futuramente-as-criancas-atendidas\/","title":{"rendered":"Projeto Givas solicita ced\u00eancia de pr\u00e9dio da ILPI para abrigar futuramente as crian\u00e7as atendidas"},"content":{"rendered":"<p>Na manh\u00e3 desta quarta-feira (06\/03), houve uma reuni\u00e3o no gabinete do Prefeito Dr. Antonio Thiago, com a presen\u00e7a dos membros do Projeto Givas: Gilvanete Ferreira, Leidi Basso e La\u00eds Basso, bem como representantes da Prefeitura, incluindo o Prefeito, Dr. Adilson Rodrigues de Souza, procurador do Munic\u00edpio e o secret\u00e1rio municipal de Adminstra\u00e7\u00e3o, Jos\u00e9 Carlos Soriano.<\/p>\n<p>O objetivo desta reuni\u00e3o foi que os membros do Projeto Givas solicitaram ao prefeito, a possibilidade da ced\u00eancia do pr\u00e9dio atual da Institui\u00e7\u00e3o de Longa Perman\u00eancia do Idoso (ILPI) para abrigar futuramente o Projeto Givas.<\/p>\n<p>O motivo para essa solicita\u00e7\u00e3o \u00e9 a conclus\u00e3o iminente da obra do novo pr\u00e9dio da ILPI, o que permitiria a continuidade das atividades do Projeto Givas no pr\u00e9dio antigo.<\/p>\n<p>O Projeto Givas, fundado h\u00e1 14 anos, atende aproximadamente 150 crian\u00e7as e adolescentes dos bairros Jo\u00e3o Paulo da Silva, Jos\u00e9 In\u00e1cio Batista, Jos\u00e9 Rodrigues e demais localidades da cidade. Os encontros ocorrem todas as ter\u00e7as-feiras e oferecem alimenta\u00e7\u00e3o, al\u00e9m de aulas na \u00e1rea de Ensino Religioso. O presidente do Projeto \u00e9 Wellington Vincentim (Nino).<\/p>\n","protected":false},"excerpt":{"rendered":"<p>Na manh\u00e3 desta quarta-feira (06\/03), houve uma reuni\u00e3o no gabinete do Prefeito Dr. Antonio Thiago, com a presen\u00e7a dos membros do Projeto Givas: Gilvanete Ferreira, Leidi Basso e La\u00eds Basso, bem como representantes da Prefeitura, incluindo o Prefeito, Dr. Adilson Rodrigues de Souza, procurador do Munic\u00edpio e o secret\u00e1rio municipal de Adminstra\u00e7\u00e3o, Jos\u00e9 Carlos Soriano. [&hellip;]<\/p>\n","protected":false},"author":2,"featured_media":25772,"comment_status":"open","ping_status":"open","sticky":false,"template":"","format":"standard","meta":{"om_disable_all_campaigns":false,"_monsterinsights_skip_tracking":false,"_monsterinsights_sitenote_active":false,"_monsterinsights_sitenote_note":"","_monsterinsights_sitenote_category":0,"footnotes":""},"categories":[26,193],"tags":[],"aioseo_notices":[],"_links":{"self":[{"href":"https:\/\/expressaoms.com.br\/index.php\/wp-json\/wp\/v2\/posts\/25771"}],"collection":[{"href":"https:\/\/expressaoms.com.br\/index.php\/wp-json\/wp\/v2\/posts"}],"about":[{"href":"https:\/\/expressaoms.com.br\/index.php\/wp-json\/wp\/v2\/types\/post"}],"author":[{"embeddable":true,"href":"https:\/\/expressaoms.com.br\/index.php\/wp-json\/wp\/v2\/users\/2"}],"replies":[{"embeddable":true,"href":"https:\/\/expressaoms.com.br\/index.php\/wp-json\/wp\/v2\/comments?post=25771"}],"version-history":[{"count":1,"href":"https:\/\/expressaoms.com.br\/index.php\/wp-json\/wp\/v2\/posts\/25771\/revisions"}],"predecessor-version":[{"id":25773,"href":"https:\/\/expressaoms.com.br\/index.php\/wp-json\/wp\/v2\/posts\/25771\/revisions\/25773"}],"wp:featuredmedia":[{"embeddable":true,"href":"https:\/\/expressaoms.com.br\/index.php\/wp-json\/wp\/v2\/media\/25772"}],"wp:attachment":[{"href":"https:\/\/expressaoms.com.br\/index.php\/wp-json\/wp\/v2\/media?parent=25771"}],"wp:term":[{"taxonomy":"category","embeddable":true,"href":"https:\/\/expressaoms.com.br\/index.php\/wp-json\/wp\/v2\/categories?post=25771"},{"taxonomy":"post_tag","embeddable":true,"href":"https:\/\/expressaoms.com.br\/index.php\/wp-json\/wp\/v2\/tags?post=25771"}],"curies":[{"name":"wp","href":"https:\/\/api.w.org\/{rel}","templated":true}]}}