{"id":25774,"date":"2024-03-06T05:05:49","date_gmt":"2024-03-06T08:05:49","guid":{"rendered":"https:\/\/expressaoms.com.br\/?p=25774"},"modified":"2024-03-06T12:05:55","modified_gmt":"2024-03-06T15:05:55","slug":"cafe-da-manha-especial-em-homenagem-ao-dia-internacional-da-mulher-reune-servidoras-do-paco-municipal","status":"publish","type":"post","link":"https:\/\/expressaoms.com.br\/index.php\/2024\/03\/06\/cafe-da-manha-especial-em-homenagem-ao-dia-internacional-da-mulher-reune-servidoras-do-paco-municipal\/","title":{"rendered":"Caf\u00e9 da manh\u00e3 especial em homenagem ao Dia Internacional da Mulher re\u00fane servidoras do Pa\u00e7o Municipal"},"content":{"rendered":"<p>Na manh\u00e3 de hoje (06\/03), as secretarias do Munic\u00edpio de Administra\u00e7\u00e3o e Planejamento e Finan\u00e7as organizaram uma homenagem em alus\u00e3o ao Dia Internacional da Mulher. A equipe serviu um caf\u00e9 da manh\u00e3 especial foi a todas as servidoras do Pa\u00e7o Municipal, em reconhecimento ao servi\u00e7o prestado a toda a popula\u00e7\u00e3o.<\/p>\n<p>O encontro teve presen\u00e7a da psic\u00f3loga Cibele Thiago, esposa do prefeito Dr. Antonio Thiago, e dos secret\u00e1rios Jos\u00e9 Carlos Soriano e M\u00e1rcio Endrigo, que compartilharam momentos de alegria e reconhecimento com as servidoras.<\/p>\n<p>Durante o caf\u00e9 da manh\u00e3, o prefeito Dr. Antonio Thiago expressou sua gratid\u00e3o e reconhecimento pela dedica\u00e7\u00e3o e empenho das mulheres servidoras: &#8220;Queremos expressar nossa profunda admira\u00e7\u00e3o por todas as mulheres que fazem parte da nossa equipe&#8221;, disse.<\/p>\n<p>A psic\u00f3loga Cibele Thiago tamb\u00e9m dirigiu palavras de apre\u00e7o \u00e0s servidoras presentes: &#8220;\u00c9 um prazer estar aqui hoje e poder compartilhar este momento especial com todas voc\u00eas. Mulheres fortes e dedicadas que contribuem diariamente para o bem-estar e a prosperidade de nossa comunidade&#8221;.<\/p>\n<p>Os secret\u00e1rios Jos\u00e9 Carlos Soriano e M\u00e1rcio Endrigo destacaram a import\u00e2ncia da valoriza\u00e7\u00e3o das mulheres no ambiente de trabalho.<\/p>\n<p>Ao final das falas, todas puderam saborear um caf\u00e9 da manh\u00e3 oferecido pelas as secretarias.<\/p>\n","protected":false},"excerpt":{"rendered":"<p>Na manh\u00e3 de hoje (06\/03), as secretarias do Munic\u00edpio de Administra\u00e7\u00e3o e Planejamento e Finan\u00e7as organizaram uma homenagem em alus\u00e3o ao Dia Internacional da Mulher. A equipe serviu um caf\u00e9 da manh\u00e3 especial foi a todas as servidoras do Pa\u00e7o Municipal, em reconhecimento ao servi\u00e7o prestado a toda a popula\u00e7\u00e3o. O encontro teve presen\u00e7a da [&hellip;]<\/p>\n","protected":false},"author":2,"featured_media":25775,"comment_status":"open","ping_status":"open","sticky":false,"template":"","format":"standard","meta":{"om_disable_all_campaigns":false,"_monsterinsights_skip_tracking":false,"_monsterinsights_sitenote_active":false,"_monsterinsights_sitenote_note":"","_monsterinsights_sitenote_category":0,"footnotes":""},"categories":[26,193],"tags":[],"aioseo_notices":[],"_links":{"self":[{"href":"https:\/\/expressaoms.com.br\/index.php\/wp-json\/wp\/v2\/posts\/25774"}],"collection":[{"href":"https:\/\/expressaoms.com.br\/index.php\/wp-json\/wp\/v2\/posts"}],"about":[{"href":"https:\/\/expressaoms.com.br\/index.php\/wp-json\/wp\/v2\/types\/post"}],"author":[{"embeddable":true,"href":"https:\/\/expressaoms.com.br\/index.php\/wp-json\/wp\/v2\/users\/2"}],"replies":[{"embeddable":true,"href":"https:\/\/expressaoms.com.br\/index.php\/wp-json\/wp\/v2\/comments?post=25774"}],"version-history":[{"count":1,"href":"https:\/\/expressaoms.com.br\/index.php\/wp-json\/wp\/v2\/posts\/25774\/revisions"}],"predecessor-version":[{"id":25776,"href":"https:\/\/expressaoms.com.br\/index.php\/wp-json\/wp\/v2\/posts\/25774\/revisions\/25776"}],"wp:featuredmedia":[{"embeddable":true,"href":"https:\/\/expressaoms.com.br\/index.php\/wp-json\/wp\/v2\/media\/25775"}],"wp:attachment":[{"href":"https:\/\/expressaoms.com.br\/index.php\/wp-json\/wp\/v2\/media?parent=25774"}],"wp:term":[{"taxonomy":"category","embeddable":true,"href":"https:\/\/expressaoms.com.br\/index.php\/wp-json\/wp\/v2\/categories?post=25774"},{"taxonomy":"post_tag","embeddable":true,"href":"https:\/\/expressaoms.com.br\/index.php\/wp-json\/wp\/v2\/tags?post=25774"}],"curies":[{"name":"wp","href":"https:\/\/api.w.org\/{rel}","templated":true}]}}