{"id":26001,"date":"2024-03-18T08:44:24","date_gmt":"2024-03-18T11:44:24","guid":{"rendered":"https:\/\/expressaoms.com.br\/?p=26001"},"modified":"2024-03-19T08:44:46","modified_gmt":"2024-03-19T11:44:46","slug":"equipe-da-saude-distribui-folders-com-informacoes-sobre-a-acao-cata-treco","status":"publish","type":"post","link":"https:\/\/expressaoms.com.br\/index.php\/2024\/03\/18\/equipe-da-saude-distribui-folders-com-informacoes-sobre-a-acao-cata-treco\/","title":{"rendered":"Equipe da Sa\u00fade distribui folders com informa\u00e7\u00f5es sobre a a\u00e7\u00e3o &#8220;Cata-Treco&#8221;"},"content":{"rendered":"<p>Na manh\u00e3 desta segunda-feira (18\/03), os Agentes Comunit\u00e1rios de Sa\u00fade e os Agentes de Combate \u00e0 Endemias estiveram em uma \u00e1rea do centro de Brasil\u00e2ndia distribuindo folders informativos sobre a a\u00e7\u00e3o &#8220;Cata-Treco&#8221;. Esta iniciativa, promovida pela Secretaria Municipal de Servi\u00e7os Urbanos junto com a Secretaria Municipal de Sa\u00fade, visa conscientizar a comunidade sobre a import\u00e2ncia de descartar corretamente objetos e materiais inserv\u00edveis.<\/p>\n<p>A\u00e7\u00e3o &#8220;Cata-Treco&#8221;: Recolhimento de Objetos e Materiais Inserv\u00edveis<\/p>\n<p>Amanh\u00e3, dia 19 de mar\u00e7o de 2024, a Secretaria Municipal de Servi\u00e7os Urbanos estar\u00e1 realizando a a\u00e7\u00e3o &#8220;Cata-Treco&#8221;, que consiste no recolhimento de objetos e materiais inserv\u00edveis depositados em frente das resid\u00eancias e estabelecimentos comerciais.<\/p>\n<p>Regi\u00e3o Abrangida:<\/p>\n<p>Rua dos Associados: Da rua Antenor Fonseca at\u00e9 a Rua Jo\u00e3o Augusto Fonseca.<\/p>\n<p>Avenida Boa Esperan\u00e7a: Entre a rua Nildo Boreli, Ger\u00f4nimo Caetano Barbosa, Ranulpho Marques Leal, Aguim\u00e3o Fernandes e Avenida S\u00e3o Jos\u00e9.<\/p>\n<p>Rua da Avia\u00e7\u00e3o: Entre as ruas Elviro Mancine, Ger\u00f4nimo Caetano Barbosa, Ranulpho Marques Leal, Aguim\u00e3o Fernandes e Avenida S\u00e3o Jos\u00e9.<\/p>\n<p>Pedimos a colabora\u00e7\u00e3o de todos os moradores e comerciantes desta regi\u00e3o para que depositem seus objetos e materiais inserv\u00edveis de forma organizada e segura, facilitando assim o trabalho das equipes de coleta.<\/p>\n<p>Para mais informa\u00e7\u00f5es, entre em contato com a Secretaria Municipal de Servi\u00e7os Urbanos ou do N\u00facleo de Combate \u00e0 Endemias.<\/p>\n","protected":false},"excerpt":{"rendered":"<p>Na manh\u00e3 desta segunda-feira (18\/03), os Agentes Comunit\u00e1rios de Sa\u00fade e os Agentes de Combate \u00e0 Endemias estiveram em uma \u00e1rea do centro de Brasil\u00e2ndia distribuindo folders informativos sobre a a\u00e7\u00e3o &#8220;Cata-Treco&#8221;. Esta iniciativa, promovida pela Secretaria Municipal de Servi\u00e7os Urbanos junto com a Secretaria Municipal de Sa\u00fade, visa conscientizar a comunidade sobre a import\u00e2ncia [&hellip;]<\/p>\n","protected":false},"author":2,"featured_media":26002,"comment_status":"open","ping_status":"open","sticky":false,"template":"","format":"standard","meta":{"om_disable_all_campaigns":false,"_monsterinsights_skip_tracking":false,"_monsterinsights_sitenote_active":false,"_monsterinsights_sitenote_note":"","_monsterinsights_sitenote_category":0,"footnotes":""},"categories":[26,193],"tags":[],"aioseo_notices":[],"_links":{"self":[{"href":"https:\/\/expressaoms.com.br\/index.php\/wp-json\/wp\/v2\/posts\/26001"}],"collection":[{"href":"https:\/\/expressaoms.com.br\/index.php\/wp-json\/wp\/v2\/posts"}],"about":[{"href":"https:\/\/expressaoms.com.br\/index.php\/wp-json\/wp\/v2\/types\/post"}],"author":[{"embeddable":true,"href":"https:\/\/expressaoms.com.br\/index.php\/wp-json\/wp\/v2\/users\/2"}],"replies":[{"embeddable":true,"href":"https:\/\/expressaoms.com.br\/index.php\/wp-json\/wp\/v2\/comments?post=26001"}],"version-history":[{"count":1,"href":"https:\/\/expressaoms.com.br\/index.php\/wp-json\/wp\/v2\/posts\/26001\/revisions"}],"predecessor-version":[{"id":26003,"href":"https:\/\/expressaoms.com.br\/index.php\/wp-json\/wp\/v2\/posts\/26001\/revisions\/26003"}],"wp:featuredmedia":[{"embeddable":true,"href":"https:\/\/expressaoms.com.br\/index.php\/wp-json\/wp\/v2\/media\/26002"}],"wp:attachment":[{"href":"https:\/\/expressaoms.com.br\/index.php\/wp-json\/wp\/v2\/media?parent=26001"}],"wp:term":[{"taxonomy":"category","embeddable":true,"href":"https:\/\/expressaoms.com.br\/index.php\/wp-json\/wp\/v2\/categories?post=26001"},{"taxonomy":"post_tag","embeddable":true,"href":"https:\/\/expressaoms.com.br\/index.php\/wp-json\/wp\/v2\/tags?post=26001"}],"curies":[{"name":"wp","href":"https:\/\/api.w.org\/{rel}","templated":true}]}}