{"id":26053,"date":"2024-03-22T08:37:39","date_gmt":"2024-03-22T11:37:39","guid":{"rendered":"https:\/\/expressaoms.com.br\/?p=26053"},"modified":"2024-03-22T08:37:39","modified_gmt":"2024-03-22T11:37:39","slug":"deptran-orienta-populacao-sobre-regras-para-pilotar-bicicletas-eletricas-scooters-e-outros","status":"publish","type":"post","link":"https:\/\/expressaoms.com.br\/index.php\/2024\/03\/22\/deptran-orienta-populacao-sobre-regras-para-pilotar-bicicletas-eletricas-scooters-e-outros\/","title":{"rendered":"Deptran orienta popula\u00e7\u00e3o sobre regras para pilotar bicicletas el\u00e9tricas, scooters e outros"},"content":{"rendered":"<p data-raofz=\"16\">Voc\u00ea conhece as instru\u00e7\u00f5es previstas em lei para uso de ve\u00edculos de mobilidade individual, como bicicletas el\u00e9tricas e motorizadas, scooters, patinetes el\u00e9tricos e outros? Ent\u00e3o, esse conte\u00fado foi criado especialmente para esclarecer essas regras previstas na resolu\u00e7\u00e3o n.996\/2023 do Conselho Nacional de Tr\u00e2nsito (CONTRAN).<\/p>\n<p data-raofz=\"16\">A Prefeitura de Tr\u00eas Lagoas, por meio da Secretaria Municipal de Infraestrutura, Transporte e Tr\u00e2nsito (SEINTRA) e Departamento de Tr\u00e2nsito (Deptran), divulgou nesta quarta-feira, 20 de mar\u00e7o, um conte\u00fado resumindo essas regras. Veja abaixo:<\/p>\n<div class=\"wp-block-spacer\" aria-hidden=\"true\" data-raofz=\"16\"><\/div>\n<p data-raofz=\"16\">Cadeira motorizada, skate el\u00e9trico (Hoverboard), patinete el\u00e9trico e monociclo el\u00e9trico:<\/p>\n<p data-raofz=\"16\">\u2022 CNH (N\u00c3O OBRIGAT\u00d3RIO)<br \/>\n\u2022 Emplacamento (N\u00c3O OBRIGAT\u00d3RIO)<br \/>\n\u2022 Ilumina\u00e7\u00e3o (OBRIGAT\u00d3RIO)<br \/>\n\u2022 M\u00e1xima velocidade: 35Km\/H<\/p>\n<p data-raofz=\"16\">Bicicleta el\u00e9trica:<\/p>\n<p data-raofz=\"16\">\u2022 CNH (N\u00c3O OBRIGAT\u00d3RIO)<br \/>\n\u2022 Emplacamento (N\u00c3O OBRIGAT\u00d3RIO)<br \/>\n\u2022 Acelerador (N\u00c3O PODE TER)<br \/>\n\u2022 Ilumina\u00e7\u00e3o (OBRIGAT\u00d3RIO)<br \/>\n\u2022 M\u00e1xima velocidade: 35Km\/H<br \/>\n\u2022 Retrovisor (OBRIGAT\u00d3RIO)<br \/>\n\u2022 Pedal assistido (OBRIGAT\u00d3RIO)<\/p>\n<p data-raofz=\"16\">Bicicleta motorizada:<\/p>\n<p data-raofz=\"16\">\u2022 CNH \u2013 categoria A ou ACC (OBRIGAT\u00d3RIO)<br \/>\n\u2022 Emplacamento (OBRIGAT\u00d3RIO)<br \/>\n\u2022 Ilumina\u00e7\u00e3o (OBRIGAT\u00d3RIO)<br \/>\n\u2022 Retrovisor (OBRIGAT\u00d3RIO)<br \/>\n\u2022 Capacete (OBRIGAT\u00d3RIO)<br \/>\n\u2022 Buzina (OBRIGAT\u00d3RIO)<br \/>\n\u2022 Vistoria \u2013 Detran inmetro (OBRIGAT\u00d3RIO)<\/p>\n<p data-raofz=\"16\">Ciclomotor e ciclomotor (scooter)<\/p>\n<p data-raofz=\"16\">\u2022 CNH \u2013 categoria A ou ACC (OBRIGAT\u00d3RIO)<br \/>\n\u2022 Emplacamento (OBRIGAT\u00d3RIO)<br \/>\n\u2022 Ilumina\u00e7\u00e3o (OBRIGAT\u00d3RIO)<br \/>\n\u2022 Retrovisor (OBRIGAT\u00d3RIO)<br \/>\n\u2022 Capacete (OBRIGAT\u00d3RIO)<br \/>\n\u2022 Buzina (OBRIGAT\u00d3RIO)<br \/>\n\u2022 M\u00e1xima velocidade 50Km\/H<\/p>\n<p data-raofz=\"16\">REGULARIZA\u00c7\u00c3O<\/p>\n<p data-raofz=\"16\">O prazo para regularizar os ve\u00edculos junto ao DETRAN estadual vai at\u00e9 o dia 31 de dezembro de 2025. Sendo que n\u00e3o basta ter apenas o registro, os condutores dever\u00e3o emplacar e portar CNH de categoria A ou a ACC nos ve\u00edculos que s\u00e3o obrigat\u00f3rios. \u00c9 preciso atender a essas solicita\u00e7\u00f5es no prazo destacado a fim de evitar infra\u00e7\u00f5es e multas.<\/p>\n<p data-raofz=\"16\">Al\u00e9m disso da regulariza\u00e7\u00e3o, os usu\u00e1rios dever\u00e3o tamb\u00e9m seguir as normas de tr\u00e2nsito, como circular, onde \u00e9 permitido, e usar equipamentos de seguran\u00e7a.<\/p>\n<p data-raofz=\"16\">\n","protected":false},"excerpt":{"rendered":"<p>Voc\u00ea conhece as instru\u00e7\u00f5es previstas em lei para uso de ve\u00edculos de mobilidade individual, como bicicletas el\u00e9tricas e motorizadas, scooters, patinetes el\u00e9tricos e outros? Ent\u00e3o, esse conte\u00fado foi criado especialmente para esclarecer essas regras previstas na resolu\u00e7\u00e3o n.996\/2023 do Conselho Nacional de Tr\u00e2nsito (CONTRAN). A Prefeitura de Tr\u00eas Lagoas, por meio da Secretaria Municipal de [&hellip;]<\/p>\n","protected":false},"author":2,"featured_media":26054,"comment_status":"open","ping_status":"open","sticky":false,"template":"","format":"standard","meta":{"om_disable_all_campaigns":false,"_monsterinsights_skip_tracking":false,"_monsterinsights_sitenote_active":false,"_monsterinsights_sitenote_note":"","_monsterinsights_sitenote_category":0,"footnotes":""},"categories":[36,48],"tags":[],"aioseo_notices":[],"_links":{"self":[{"href":"https:\/\/expressaoms.com.br\/index.php\/wp-json\/wp\/v2\/posts\/26053"}],"collection":[{"href":"https:\/\/expressaoms.com.br\/index.php\/wp-json\/wp\/v2\/posts"}],"about":[{"href":"https:\/\/expressaoms.com.br\/index.php\/wp-json\/wp\/v2\/types\/post"}],"author":[{"embeddable":true,"href":"https:\/\/expressaoms.com.br\/index.php\/wp-json\/wp\/v2\/users\/2"}],"replies":[{"embeddable":true,"href":"https:\/\/expressaoms.com.br\/index.php\/wp-json\/wp\/v2\/comments?post=26053"}],"version-history":[{"count":1,"href":"https:\/\/expressaoms.com.br\/index.php\/wp-json\/wp\/v2\/posts\/26053\/revisions"}],"predecessor-version":[{"id":26055,"href":"https:\/\/expressaoms.com.br\/index.php\/wp-json\/wp\/v2\/posts\/26053\/revisions\/26055"}],"wp:featuredmedia":[{"embeddable":true,"href":"https:\/\/expressaoms.com.br\/index.php\/wp-json\/wp\/v2\/media\/26054"}],"wp:attachment":[{"href":"https:\/\/expressaoms.com.br\/index.php\/wp-json\/wp\/v2\/media?parent=26053"}],"wp:term":[{"taxonomy":"category","embeddable":true,"href":"https:\/\/expressaoms.com.br\/index.php\/wp-json\/wp\/v2\/categories?post=26053"},{"taxonomy":"post_tag","embeddable":true,"href":"https:\/\/expressaoms.com.br\/index.php\/wp-json\/wp\/v2\/tags?post=26053"}],"curies":[{"name":"wp","href":"https:\/\/api.w.org\/{rel}","templated":true}]}}