{"id":26056,"date":"2024-03-22T08:39:10","date_gmt":"2024-03-22T11:39:10","guid":{"rendered":"https:\/\/expressaoms.com.br\/?p=26056"},"modified":"2024-03-22T08:39:10","modified_gmt":"2024-03-22T11:39:10","slug":"ceis-da-reme-de-tres-lagoas-recebem-grande-investimento-em-itens-de-higiene-e-repelente","status":"publish","type":"post","link":"https:\/\/expressaoms.com.br\/index.php\/2024\/03\/22\/ceis-da-reme-de-tres-lagoas-recebem-grande-investimento-em-itens-de-higiene-e-repelente\/","title":{"rendered":"CEIs da REME de Tr\u00eas Lagoas recebem grande investimento em itens de higiene e repelente"},"content":{"rendered":"<p data-raofz=\"16\">A Prefeitura de Tr\u00eas Lagoas, por meio da Secretaria Municipal de Educa\u00e7\u00e3o e Cultura (SEMEC), em um esfor\u00e7o cont\u00ednuo para garantir o bem-estar e a seguran\u00e7a das crian\u00e7as que frequentam os Centros de Educa\u00e7\u00e3o Infantil (CEIs) da Cidade, anunciou um investimento na aquisi\u00e7\u00e3o de itens de higiene.<\/p>\n<p data-raofz=\"16\">Com um investimento total de mais de R$4 milh\u00f5es, 21 CEIs receber\u00e3o produtos essenciais que incluem shampoos, fraldas, cremes, sabonetes, escova de dente e pastas dental, al\u00e9m de outros itens de marcas reconhecidas em cuidados infantis.<\/p>\n<p data-raofz=\"16\">Entre os itens adquiridos est\u00e3o 6.000 unidades de col\u00f4nia de cheiro beb\u00ea (frasco com 100 ml); 3.000 repelentes antimosquito\/insetos em gel \u2013 beb\u00ea (frasco com 117 ml); 53.355 fraldas descart\u00e1veis em diferentes tamanhos para atender \u00e0s necessidades individuais das crian\u00e7as, al\u00e9m de sabonetes l\u00edquidos e em barra, shampoo infantil, condicionador, cremes para pentear e para assaduras, entre outros produtos essenciais.<\/p>\n<p data-raofz=\"16\">PROTE\u00c7\u00c3O CONTRA A DENGUE<\/p>\n<p data-raofz=\"16\">Al\u00e9m de garantir a higiene pessoal das crian\u00e7as, a inclus\u00e3o de repelentes no conjunto de itens adquiridos pela Prefeitura visa proteg\u00ea-las contra doen\u00e7as transmitidas por mosquitos, como a dengue, refor\u00e7ando o compromisso da Administra\u00e7\u00e3o Municipal com a sa\u00fade e o bem-estar das crian\u00e7as atendidas diariamente nos Centros de Educa\u00e7\u00e3o Infantil da Rede Municipal de Ensino.<\/p>\n","protected":false},"excerpt":{"rendered":"<p>A Prefeitura de Tr\u00eas Lagoas, por meio da Secretaria Municipal de Educa\u00e7\u00e3o e Cultura (SEMEC), em um esfor\u00e7o cont\u00ednuo para garantir o bem-estar e a seguran\u00e7a das crian\u00e7as que frequentam os Centros de Educa\u00e7\u00e3o Infantil (CEIs) da Cidade, anunciou um investimento na aquisi\u00e7\u00e3o de itens de higiene. Com um investimento total de mais de R$4 [&hellip;]<\/p>\n","protected":false},"author":2,"featured_media":26057,"comment_status":"open","ping_status":"open","sticky":false,"template":"","format":"standard","meta":{"om_disable_all_campaigns":false,"_monsterinsights_skip_tracking":false,"_monsterinsights_sitenote_active":false,"_monsterinsights_sitenote_note":"","_monsterinsights_sitenote_category":0,"footnotes":""},"categories":[36,48],"tags":[],"aioseo_notices":[],"_links":{"self":[{"href":"https:\/\/expressaoms.com.br\/index.php\/wp-json\/wp\/v2\/posts\/26056"}],"collection":[{"href":"https:\/\/expressaoms.com.br\/index.php\/wp-json\/wp\/v2\/posts"}],"about":[{"href":"https:\/\/expressaoms.com.br\/index.php\/wp-json\/wp\/v2\/types\/post"}],"author":[{"embeddable":true,"href":"https:\/\/expressaoms.com.br\/index.php\/wp-json\/wp\/v2\/users\/2"}],"replies":[{"embeddable":true,"href":"https:\/\/expressaoms.com.br\/index.php\/wp-json\/wp\/v2\/comments?post=26056"}],"version-history":[{"count":1,"href":"https:\/\/expressaoms.com.br\/index.php\/wp-json\/wp\/v2\/posts\/26056\/revisions"}],"predecessor-version":[{"id":26058,"href":"https:\/\/expressaoms.com.br\/index.php\/wp-json\/wp\/v2\/posts\/26056\/revisions\/26058"}],"wp:featuredmedia":[{"embeddable":true,"href":"https:\/\/expressaoms.com.br\/index.php\/wp-json\/wp\/v2\/media\/26057"}],"wp:attachment":[{"href":"https:\/\/expressaoms.com.br\/index.php\/wp-json\/wp\/v2\/media?parent=26056"}],"wp:term":[{"taxonomy":"category","embeddable":true,"href":"https:\/\/expressaoms.com.br\/index.php\/wp-json\/wp\/v2\/categories?post=26056"},{"taxonomy":"post_tag","embeddable":true,"href":"https:\/\/expressaoms.com.br\/index.php\/wp-json\/wp\/v2\/tags?post=26056"}],"curies":[{"name":"wp","href":"https:\/\/api.w.org\/{rel}","templated":true}]}}