{"id":26059,"date":"2024-03-22T10:12:06","date_gmt":"2024-03-22T13:12:06","guid":{"rendered":"https:\/\/expressaoms.com.br\/?p=26059"},"modified":"2024-03-22T10:12:06","modified_gmt":"2024-03-22T13:12:06","slug":"prefeitura-convoca-114-candidatos-classificados-no-concurso-publico-2021","status":"publish","type":"post","link":"https:\/\/expressaoms.com.br\/index.php\/2024\/03\/22\/prefeitura-convoca-114-candidatos-classificados-no-concurso-publico-2021\/","title":{"rendered":"Prefeitura convoca 114 candidatos classificados no Concurso P\u00fablico 2021"},"content":{"rendered":"<p data-raofz=\"16\">Cento e quatorze candidatos classificados no Concurso P\u00fablico\/2021 da Prefeitura Municipal de Tr\u00eas Lagoas, conforme edital n\u00ba 016\/2022, foram convocados nesta quinta-feira, 21 de mar\u00e7o, para darem continuidade \u00e0 operacionaliza\u00e7\u00e3o do processo de posse, por meio da realiza\u00e7\u00e3o de exames m\u00e9dicos e entrega de documenta\u00e7\u00e3o comprobat\u00f3ria.<\/p>\n<p data-raofz=\"16\">As convoca\u00e7\u00f5es foram divulgadas atrav\u00e9s das resolu\u00e7\u00f5es 010 e 011\/2024 da Secretaria Municipal de Administra\u00e7\u00e3o (SEMAD), no Di\u00e1rio Oficial da Associa\u00e7\u00e3o dos Munic\u00edpios de Mato Grosso do Sul (ASSOMASUL), edi\u00e7\u00e3o n\u00ba 3552, desta quinta-feira.<\/p>\n<p data-raofz=\"16\">Os convocados devem comparecer conforme hor\u00e1rio agendado nos anexos das resolu\u00e7\u00f5es, no Servi\u00e7o Especializado em Engenharia de Seguran\u00e7a e em Medicina do Trabalho (SESMT). J\u00e1 para a entrega de documenta\u00e7\u00e3o, no Departamento de Recursos Humanos da Secretaria Municipal de Educa\u00e7\u00e3o e Cultura (SEMEC) e Recursos Humanos (SEMAD).<\/p>\n<p data-raofz=\"16\">Todas as informa\u00e7\u00f5es sobre o agendamento dos candidatos est\u00e3o dispon\u00edveis no site oficial da Prefeitura, na se\u00e7\u00e3o \u201cDI\u00c1RIO\u201d. Em caso de d\u00favidas, os interessados podem entrar em contato com a SEMAD, localizada na Rua Joaquim Tiago da Silva, n\u00ba 288, Jardim Morumbi, ou pelos telefones (67) 99155-1162.<\/p>\n<p data-raofz=\"16\">Rela\u00e7\u00e3o da quantidade de convocados por cargos:<\/p>\n<p data-raofz=\"16\">T\u00e9cnico administrativo (18)<\/p>\n<p data-raofz=\"16\">T\u00e9cnico em enfermagem (05)<\/p>\n<p data-raofz=\"16\">M\u00e9dico plantonista (04)<\/p>\n<p data-raofz=\"16\">Cirurgi\u00e3o dentista (04)<\/p>\n<p data-raofz=\"16\">Cirurgi\u00e3o dentista \u2013 protesista (02)<\/p>\n<p data-raofz=\"16\">M\u00e9dico cardiologista (01)<\/p>\n<p data-raofz=\"16\">Fonoaudi\u00f3loga (01)<\/p>\n<p data-raofz=\"16\">Auxiliar em sa\u00fade bucal (04)<\/p>\n<p data-raofz=\"16\">Nutricionista (01)<\/p>\n<p data-raofz=\"16\">M\u00e9dico da fam\u00edlia (03)<\/p>\n<p data-raofz=\"16\">Assistente administrativo (11)<\/p>\n<p data-raofz=\"16\">Secret\u00e1rio escolar (01)<\/p>\n<p data-raofz=\"16\">Monitor de inform\u00e1tica (01)<\/p>\n<p data-raofz=\"16\">Especialista de educa\u00e7\u00e3o (01)<\/p>\n<p data-raofz=\"16\">Atendente de educa\u00e7\u00e3o infantil (54)<\/p>\n<p data-raofz=\"16\"><strong>SERVI\u00c7O<\/strong><\/p>\n<p data-raofz=\"16\"><strong>Exames admissionais<\/strong><\/p>\n<p data-raofz=\"16\">SESMT<\/p>\n<p data-raofz=\"16\">Rua Dr. Munir Thom\u00e9, 949<\/p>\n<p data-raofz=\"16\">Telefone: (67) 99155-4263 e (67) 99276-4933<\/p>\n<p data-raofz=\"16\"><strong>Entrega de documenta\u00e7\u00e3o<\/strong><\/p>\n<p data-raofz=\"16\"><em>Recursos Humanos SEMEC<\/em><\/p>\n<p data-raofz=\"16\">Rua Alexandre Costa (Port\u00e3o Lateral \u2013 Rua Parana\u00edba), n\u00ba 130 \u2013 Centro<\/p>\n<p data-raofz=\"16\">Telefone: (67) 3929-1472<\/p>\n<p data-raofz=\"16\"><em>Recursos Humanos SEMAD<\/em><\/p>\n<p data-raofz=\"16\">Rua Joaquim Tiago da Silva, 288 \u2013 Jardim Morumbi<\/p>\n<p data-raofz=\"16\">Telefone: (67) 99155-1162<\/p>\n<p data-raofz=\"16\">\n<p data-raofz=\"16\"><a role=\"link\" href=\"http:\/\/www.treslagoas.ms.gov.br\/wp-content\/uploads\/2024\/03\/resolucao-no-0102024-de-20-de-marco-de-2024.pdf\" data-type=\"link\" data-id=\"http:\/\/www.treslagoas.ms.gov.br\/wp-content\/uploads\/2024\/03\/resolucao-no-0102024-de-20-de-marco-de-2024.pdf\" data-raofz=\"16\"><strong>EDITAL 010\/2024<\/strong><\/a><\/p>\n<p data-raofz=\"16\"><a role=\"link\" href=\"http:\/\/www.treslagoas.ms.gov.br\/wp-content\/uploads\/2024\/03\/resolucao-no-0112024-de-20-de-marco-de-2024.pdf\" data-type=\"link\" data-id=\"http:\/\/www.treslagoas.ms.gov.br\/wp-content\/uploads\/2024\/03\/resolucao-no-0112024-de-20-de-marco-de-2024.pdf\" data-raofz=\"16\"><strong>EDITAL 011\/2024<\/strong><\/a><\/p>\n","protected":false},"excerpt":{"rendered":"<p>Cento e quatorze candidatos classificados no Concurso P\u00fablico\/2021 da Prefeitura Municipal de Tr\u00eas Lagoas, conforme edital n\u00ba 016\/2022, foram convocados nesta quinta-feira, 21 de mar\u00e7o, para darem continuidade \u00e0 operacionaliza\u00e7\u00e3o do processo de posse, por meio da realiza\u00e7\u00e3o de exames m\u00e9dicos e entrega de documenta\u00e7\u00e3o comprobat\u00f3ria. As convoca\u00e7\u00f5es foram divulgadas atrav\u00e9s das resolu\u00e7\u00f5es 010 e [&hellip;]<\/p>\n","protected":false},"author":2,"featured_media":26060,"comment_status":"open","ping_status":"open","sticky":false,"template":"","format":"standard","meta":{"om_disable_all_campaigns":false,"_monsterinsights_skip_tracking":false,"_monsterinsights_sitenote_active":false,"_monsterinsights_sitenote_note":"","_monsterinsights_sitenote_category":0,"footnotes":""},"categories":[36,48],"tags":[],"aioseo_notices":[],"_links":{"self":[{"href":"https:\/\/expressaoms.com.br\/index.php\/wp-json\/wp\/v2\/posts\/26059"}],"collection":[{"href":"https:\/\/expressaoms.com.br\/index.php\/wp-json\/wp\/v2\/posts"}],"about":[{"href":"https:\/\/expressaoms.com.br\/index.php\/wp-json\/wp\/v2\/types\/post"}],"author":[{"embeddable":true,"href":"https:\/\/expressaoms.com.br\/index.php\/wp-json\/wp\/v2\/users\/2"}],"replies":[{"embeddable":true,"href":"https:\/\/expressaoms.com.br\/index.php\/wp-json\/wp\/v2\/comments?post=26059"}],"version-history":[{"count":1,"href":"https:\/\/expressaoms.com.br\/index.php\/wp-json\/wp\/v2\/posts\/26059\/revisions"}],"predecessor-version":[{"id":26061,"href":"https:\/\/expressaoms.com.br\/index.php\/wp-json\/wp\/v2\/posts\/26059\/revisions\/26061"}],"wp:featuredmedia":[{"embeddable":true,"href":"https:\/\/expressaoms.com.br\/index.php\/wp-json\/wp\/v2\/media\/26060"}],"wp:attachment":[{"href":"https:\/\/expressaoms.com.br\/index.php\/wp-json\/wp\/v2\/media?parent=26059"}],"wp:term":[{"taxonomy":"category","embeddable":true,"href":"https:\/\/expressaoms.com.br\/index.php\/wp-json\/wp\/v2\/categories?post=26059"},{"taxonomy":"post_tag","embeddable":true,"href":"https:\/\/expressaoms.com.br\/index.php\/wp-json\/wp\/v2\/tags?post=26059"}],"curies":[{"name":"wp","href":"https:\/\/api.w.org\/{rel}","templated":true}]}}