{"id":26065,"date":"2024-03-22T06:15:28","date_gmt":"2024-03-22T09:15:28","guid":{"rendered":"https:\/\/expressaoms.com.br\/?p=26065"},"modified":"2024-03-22T10:16:27","modified_gmt":"2024-03-22T13:16:27","slug":"frente-fria-trara-mudancas-climaticas-a-ms-chuvas-e-reducao-de-temperatura-sao-previstas","status":"publish","type":"post","link":"https:\/\/expressaoms.com.br\/index.php\/2024\/03\/22\/frente-fria-trara-mudancas-climaticas-a-ms-chuvas-e-reducao-de-temperatura-sao-previstas\/","title":{"rendered":"Frente Fria trar\u00e1 mudan\u00e7as clim\u00e1ticas a MS: chuvas e redu\u00e7\u00e3o de temperatura s\u00e3o previstas"},"content":{"rendered":"<p>Mato Grosso do Sul est\u00e1 prestes a enfrentar mudan\u00e7as clim\u00e1ticas significativas devido \u00e0 influ\u00eancia de uma frente fria que se aproxima do Estado. \u00c9 isso o que o Cemtec (Centro de Monitorameno do Tempo e do Clima), prev\u00ea para esta sexta-feira (22), com aumento da nebulosidade e queda dos n\u00fameros marcados pelos term\u00f4metros.<\/p>\n<p>A chegada dessa frente fria traz consigo ainda a possibilidade de chuvas, variando de fraca a moderada, com potencial para precipita\u00e7\u00f5es mais intensas e tempestades acompanhadas de raios e rajadas de vento. Essa instabilidade \u00e9 resultado direto da atua\u00e7\u00e3o da frente fria, que favorece a forma\u00e7\u00e3o de nuvens e ocorr\u00eancia de chuvas em toda a regi\u00e3o.<\/p>\n<p>O Cemtec, \u00f3rg\u00e3o vinculado \u00e0 Semadesc (Secretaria de Meio Ambiente, Desenvolvimento, Ci\u00eancia, Tecnologia e Inova\u00e7\u00e3o) prev\u00ea temperatura m\u00ednima de 22\u00b0C nas regi\u00f5es sul, sudeste e leste do Estado, enquanto a m\u00e1xima pode chegar a at\u00e9 33\u00b0C em Aquidauana (<em>confira a temperatura m\u00ednima e a temperatura m\u00e1xima em sua regi\u00e3o no mapa ao final do texto<\/em>).<\/p>\n<p>Em rela\u00e7\u00e3o \u00e0 capital, Campo Grande, a previs\u00e3o aponta m\u00ednima de 23\u00b0C e m\u00e1xima de at\u00e9 31\u00b0C. Os ventos predominantes devem soprar de leste\/sudeste, com velocidades variando entre 30 km\/h e 50 km\/h, podendo ocorrer rajadas pontuais acima de 50 km\/h.<\/p>\n<p>Diante desse cen\u00e1rio, \u00e9 importante que os moradores e visitantes estejam atentos \u00e0s condi\u00e7\u00f5es clim\u00e1ticas e tomem as devidas precau\u00e7\u00f5es, especialmente diante da possibilidade de chuvas intensas e rajadas de vento. A recomenda\u00e7\u00e3o \u00e9 evitar \u00e1reas abertas durante tempestades e garantir a seguran\u00e7a de objetos que possam ser impactados pelo vento.<\/p>\n<div id=\"gallery-1\" class=\"gallery galleryid-470222 gallery-columns-1 gallery-size-large\">\n<figure class=\"gallery-item\">\n<div class=\"gallery-icon landscape\"><a href=\"https:\/\/agenciadenoticias.ms.gov.br\/wp-content\/uploads\/2024\/03\/Mapa-Previsao-22-03-24.jpeg\"><img fetchpriority=\"high\" decoding=\"async\" class=\"attachment-large size-large\" src=\"https:\/\/agenciadenoticias.ms.gov.br\/wp-content\/uploads\/2024\/03\/Mapa-Previsao-22-03-24-1024x724.jpeg\" sizes=\"(max-width: 1024px) 100vw, 1024px\" srcset=\"https:\/\/agenciadenoticias.ms.gov.br\/wp-content\/uploads\/2024\/03\/Mapa-Previsao-22-03-24-1024x724.jpeg 1024w, https:\/\/agenciadenoticias.ms.gov.br\/wp-content\/uploads\/2024\/03\/Mapa-Previsao-22-03-24-300x212.jpeg 300w, https:\/\/agenciadenoticias.ms.gov.br\/wp-content\/uploads\/2024\/03\/Mapa-Previsao-22-03-24-768x543.jpeg 768w, https:\/\/agenciadenoticias.ms.gov.br\/wp-content\/uploads\/2024\/03\/Mapa-Previsao-22-03-24-1536x1086.jpeg 1536w, https:\/\/agenciadenoticias.ms.gov.br\/wp-content\/uploads\/2024\/03\/Mapa-Previsao-22-03-24-340x240.jpeg 340w, https:\/\/agenciadenoticias.ms.gov.br\/wp-content\/uploads\/2024\/03\/Mapa-Previsao-22-03-24.jpeg 1600w\" alt=\"\" width=\"1024\" height=\"724\" \/><\/a><\/div>\n<\/figure>\n<\/div>\n","protected":false},"excerpt":{"rendered":"<p>Mato Grosso do Sul est\u00e1 prestes a enfrentar mudan\u00e7as clim\u00e1ticas significativas devido \u00e0 influ\u00eancia de uma frente fria que se aproxima do Estado. \u00c9 isso o que o Cemtec (Centro de Monitorameno do Tempo e do Clima), prev\u00ea para esta sexta-feira (22), com aumento da nebulosidade e queda dos n\u00fameros marcados pelos term\u00f4metros. A chegada [&hellip;]<\/p>\n","protected":false},"author":2,"featured_media":26066,"comment_status":"open","ping_status":"open","sticky":false,"template":"","format":"standard","meta":{"om_disable_all_campaigns":false,"_monsterinsights_skip_tracking":false,"_monsterinsights_sitenote_active":false,"_monsterinsights_sitenote_note":"","_monsterinsights_sitenote_category":0,"footnotes":""},"categories":[30,36,47],"tags":[],"aioseo_notices":[],"_links":{"self":[{"href":"https:\/\/expressaoms.com.br\/index.php\/wp-json\/wp\/v2\/posts\/26065"}],"collection":[{"href":"https:\/\/expressaoms.com.br\/index.php\/wp-json\/wp\/v2\/posts"}],"about":[{"href":"https:\/\/expressaoms.com.br\/index.php\/wp-json\/wp\/v2\/types\/post"}],"author":[{"embeddable":true,"href":"https:\/\/expressaoms.com.br\/index.php\/wp-json\/wp\/v2\/users\/2"}],"replies":[{"embeddable":true,"href":"https:\/\/expressaoms.com.br\/index.php\/wp-json\/wp\/v2\/comments?post=26065"}],"version-history":[{"count":1,"href":"https:\/\/expressaoms.com.br\/index.php\/wp-json\/wp\/v2\/posts\/26065\/revisions"}],"predecessor-version":[{"id":26067,"href":"https:\/\/expressaoms.com.br\/index.php\/wp-json\/wp\/v2\/posts\/26065\/revisions\/26067"}],"wp:featuredmedia":[{"embeddable":true,"href":"https:\/\/expressaoms.com.br\/index.php\/wp-json\/wp\/v2\/media\/26066"}],"wp:attachment":[{"href":"https:\/\/expressaoms.com.br\/index.php\/wp-json\/wp\/v2\/media?parent=26065"}],"wp:term":[{"taxonomy":"category","embeddable":true,"href":"https:\/\/expressaoms.com.br\/index.php\/wp-json\/wp\/v2\/categories?post=26065"},{"taxonomy":"post_tag","embeddable":true,"href":"https:\/\/expressaoms.com.br\/index.php\/wp-json\/wp\/v2\/tags?post=26065"}],"curies":[{"name":"wp","href":"https:\/\/api.w.org\/{rel}","templated":true}]}}