{"id":26077,"date":"2024-03-22T10:55:07","date_gmt":"2024-03-22T13:55:07","guid":{"rendered":"https:\/\/expressaoms.com.br\/?p=26077"},"modified":"2024-03-22T10:55:07","modified_gmt":"2024-03-22T13:55:07","slug":"veiculo-furtado-e-recuperado-pela-policia-militar-em-tres-lagoas","status":"publish","type":"post","link":"https:\/\/expressaoms.com.br\/index.php\/2024\/03\/22\/veiculo-furtado-e-recuperado-pela-policia-militar-em-tres-lagoas\/","title":{"rendered":"Ve\u00edculo furtado \u00e9 recuperado pela Pol\u00edcia Militar em Tr\u00eas Lagoas"},"content":{"rendered":"<p>Nesta quinta-feira 21 de mar\u00e7o, os policiais militares do 2\u00ba Batalh\u00e3o de Pol\u00edcia Militar realizaram uma opera\u00e7\u00e3o bem-sucedida ao recuperar um ve\u00edculo que havia sido furtado na cidade de Tr\u00eas Lagoas.<\/p>\n<p>Por volta das 22h30, durante patrulhamento no bairro Vila Verde, uma guarni\u00e7\u00e3o do Grupo Especial T\u00e1tico com Apoio de Motocicletas (GETAM) do 2\u00ba BPM avistou uma motocicleta Honda\/CG Titan KS125, de cor azul, que coincidia com as caracter\u00edsticas do ve\u00edculo furtado, conforme informa\u00e7\u00f5es repassadas pelo Centro de Opera\u00e7\u00f5es da Pol\u00edcia Militar (COPOM).<\/p>\n<p>Ap\u00f3s averigua\u00e7\u00f5es, os policiais confirmaram que se tratava do mesmo ve\u00edculo que havia sido furtado horas antes, por volta das 15h, enquanto estava estacionado na avenida Clodoaldo Garcia, em frente ao CEM (Centro de Educa\u00e7\u00e3o Municipal).<\/p>\n<p>Imediatamente, a equipe policial procedeu com a recupera\u00e7\u00e3o da motocicleta e encaminhou o ve\u00edculo \u00e0 Delegacia de Pol\u00edcia para as devidas provid\u00eancias legais e restitui\u00e7\u00e3o ao leg\u00edtimo propriet\u00e1rio.<\/p>\n<p>Embora n\u00e3o tenham sido divulgadas informa\u00e7\u00f5es sobre os suspeitos envolvidos no furto, as autoridades policiais est\u00e3o empenhadas em investigar o caso e identificar os respons\u00e1veis.<\/p>\n<p>A r\u00e1pida resposta da Pol\u00edcia Militar de Tr\u00eas Lagoas evidencia o compromisso das for\u00e7as de seguran\u00e7a em combater a criminalidade e proteger os cidad\u00e3os, garantindo a ordem e a tranquilidade.<\/p>\n","protected":false},"excerpt":{"rendered":"<p>Nesta quinta-feira 21 de mar\u00e7o, os policiais militares do 2\u00ba Batalh\u00e3o de Pol\u00edcia Militar realizaram uma opera\u00e7\u00e3o bem-sucedida ao recuperar um ve\u00edculo que havia sido furtado na cidade de Tr\u00eas Lagoas. Por volta das 22h30, durante patrulhamento no bairro Vila Verde, uma guarni\u00e7\u00e3o do Grupo Especial T\u00e1tico com Apoio de Motocicletas (GETAM) do 2\u00ba BPM [&hellip;]<\/p>\n","protected":false},"author":2,"featured_media":26078,"comment_status":"open","ping_status":"open","sticky":false,"template":"","format":"standard","meta":{"om_disable_all_campaigns":false,"_monsterinsights_skip_tracking":false,"_monsterinsights_sitenote_active":false,"_monsterinsights_sitenote_note":"","_monsterinsights_sitenote_category":0,"footnotes":""},"categories":[30,41,48],"tags":[],"aioseo_notices":[],"_links":{"self":[{"href":"https:\/\/expressaoms.com.br\/index.php\/wp-json\/wp\/v2\/posts\/26077"}],"collection":[{"href":"https:\/\/expressaoms.com.br\/index.php\/wp-json\/wp\/v2\/posts"}],"about":[{"href":"https:\/\/expressaoms.com.br\/index.php\/wp-json\/wp\/v2\/types\/post"}],"author":[{"embeddable":true,"href":"https:\/\/expressaoms.com.br\/index.php\/wp-json\/wp\/v2\/users\/2"}],"replies":[{"embeddable":true,"href":"https:\/\/expressaoms.com.br\/index.php\/wp-json\/wp\/v2\/comments?post=26077"}],"version-history":[{"count":1,"href":"https:\/\/expressaoms.com.br\/index.php\/wp-json\/wp\/v2\/posts\/26077\/revisions"}],"predecessor-version":[{"id":26079,"href":"https:\/\/expressaoms.com.br\/index.php\/wp-json\/wp\/v2\/posts\/26077\/revisions\/26079"}],"wp:featuredmedia":[{"embeddable":true,"href":"https:\/\/expressaoms.com.br\/index.php\/wp-json\/wp\/v2\/media\/26078"}],"wp:attachment":[{"href":"https:\/\/expressaoms.com.br\/index.php\/wp-json\/wp\/v2\/media?parent=26077"}],"wp:term":[{"taxonomy":"category","embeddable":true,"href":"https:\/\/expressaoms.com.br\/index.php\/wp-json\/wp\/v2\/categories?post=26077"},{"taxonomy":"post_tag","embeddable":true,"href":"https:\/\/expressaoms.com.br\/index.php\/wp-json\/wp\/v2\/tags?post=26077"}],"curies":[{"name":"wp","href":"https:\/\/api.w.org\/{rel}","templated":true}]}}