{"id":26083,"date":"2024-03-22T11:22:01","date_gmt":"2024-03-22T14:22:01","guid":{"rendered":"https:\/\/expressaoms.com.br\/?p=26083"},"modified":"2024-03-22T11:22:01","modified_gmt":"2024-03-22T14:22:01","slug":"prefeitura-policia-civil-e-prf-promovem-acoes-no-combate-ao-mosquito-aedes-aegypti","status":"publish","type":"post","link":"https:\/\/expressaoms.com.br\/index.php\/2024\/03\/22\/prefeitura-policia-civil-e-prf-promovem-acoes-no-combate-ao-mosquito-aedes-aegypti\/","title":{"rendered":"Prefeitura, Pol\u00edcia Civil e PRF promovem a\u00e7\u00f5es no combate ao mosquito Aedes aegypti"},"content":{"rendered":"<p data-raofz=\"16\">A Prefeitura de Tr\u00eas Lagoas, por meio do Setor de Endemias da Secretaria Municipal de Sa\u00fade (SMS), promoveu nesta quarta e quinta-feira, 20 e 21 de mar\u00e7o, a\u00e7\u00f5es em parceria com a Pol\u00edcia Civil e Pol\u00edcia Rodovi\u00e1ria Federal (PRF), em pontos estrat\u00e9gicos da cidade, visando o combate do mosquito Aedes aegypti.<\/p>\n<p data-raofz=\"16\"><strong>POL\u00cdCIA CIVIL<\/strong><\/p>\n<p data-raofz=\"16\">O Setor de Endemias, juntamente com a Unidade Regional de Per\u00edcia e Identifica\u00e7\u00e3o de Tr\u00eas Lagoas, da Pol\u00edcia Civil, realizou na quarta-feira, de 20 de mar\u00e7o, visitas nos p\u00e1tios e locais que abrigam ve\u00edculos apreendidos e que est\u00e3o em tr\u00e2mite judicial. De acordo com o coordenador do setor, Alcides Ferreira, esses locais j\u00e1 s\u00e3o considerados pontos estrat\u00e9gicos para o foco do mosquito, e por esse motivo, s\u00e3o fiscalizados quinzenalmente.<\/p>\n<p data-raofz=\"16\">Na opera\u00e7\u00e3o extra, ap\u00f3s os dias chuvosos, foi efetuado al\u00e9m da vistoria, tratamento de preven\u00e7\u00e3o no espa\u00e7o, coletados alguns focos do mosquito e os profissionais da sa\u00fade orientaram os policiais para preven\u00e7\u00e3o do inseto.<\/p>\n<p data-raofz=\"16\"><strong>POL\u00cdCIA RODOVI\u00c1RIA FEDERAL<\/strong><\/p>\n<p data-raofz=\"16\">A a\u00e7\u00e3o realizada em conjunto com a Pol\u00edcia Rodovi\u00e1ria Federal (PRF) aconteceu na quinta-feira, 21 de mar\u00e7o, no Posto Policial, na sa\u00edda para Campo Grande. A SMS fez vistoria no local, eliminou alguns criadouros, recolheu pneus e tamb\u00e9m repassou orienta\u00e7\u00f5es sobre preven\u00e7\u00e3o e sintomas das doen\u00e7as relacionadas ao Aedes. Logo ap\u00f3s, os dois setores promoveram blitz educativa com os ve\u00edculos que passaram pela Rodovia BR 262.<\/p>\n<p data-raofz=\"16\">\u201cEssas a\u00e7\u00f5es ajudam a fortalecer o foco no combate ao mosquito, pois quem participa, multiplica as informa\u00e7\u00f5es junto a familiares e amigos. Estamos em um momento delicado e precisamos unir for\u00e7as para vencer esse vil\u00e3o que faz estragos por onde passa\u201d, finalizou Alcides.<\/p>\n","protected":false},"excerpt":{"rendered":"<p>A Prefeitura de Tr\u00eas Lagoas, por meio do Setor de Endemias da Secretaria Municipal de Sa\u00fade (SMS), promoveu nesta quarta e quinta-feira, 20 e 21 de mar\u00e7o, a\u00e7\u00f5es em parceria com a Pol\u00edcia Civil e Pol\u00edcia Rodovi\u00e1ria Federal (PRF), em pontos estrat\u00e9gicos da cidade, visando o combate do mosquito Aedes aegypti. POL\u00cdCIA CIVIL O Setor [&hellip;]<\/p>\n","protected":false},"author":2,"featured_media":26084,"comment_status":"open","ping_status":"open","sticky":false,"template":"","format":"standard","meta":{"om_disable_all_campaigns":false,"_monsterinsights_skip_tracking":false,"_monsterinsights_sitenote_active":false,"_monsterinsights_sitenote_note":"","_monsterinsights_sitenote_category":0,"footnotes":""},"categories":[36,44,48],"tags":[],"aioseo_notices":[],"_links":{"self":[{"href":"https:\/\/expressaoms.com.br\/index.php\/wp-json\/wp\/v2\/posts\/26083"}],"collection":[{"href":"https:\/\/expressaoms.com.br\/index.php\/wp-json\/wp\/v2\/posts"}],"about":[{"href":"https:\/\/expressaoms.com.br\/index.php\/wp-json\/wp\/v2\/types\/post"}],"author":[{"embeddable":true,"href":"https:\/\/expressaoms.com.br\/index.php\/wp-json\/wp\/v2\/users\/2"}],"replies":[{"embeddable":true,"href":"https:\/\/expressaoms.com.br\/index.php\/wp-json\/wp\/v2\/comments?post=26083"}],"version-history":[{"count":1,"href":"https:\/\/expressaoms.com.br\/index.php\/wp-json\/wp\/v2\/posts\/26083\/revisions"}],"predecessor-version":[{"id":26085,"href":"https:\/\/expressaoms.com.br\/index.php\/wp-json\/wp\/v2\/posts\/26083\/revisions\/26085"}],"wp:featuredmedia":[{"embeddable":true,"href":"https:\/\/expressaoms.com.br\/index.php\/wp-json\/wp\/v2\/media\/26084"}],"wp:attachment":[{"href":"https:\/\/expressaoms.com.br\/index.php\/wp-json\/wp\/v2\/media?parent=26083"}],"wp:term":[{"taxonomy":"category","embeddable":true,"href":"https:\/\/expressaoms.com.br\/index.php\/wp-json\/wp\/v2\/categories?post=26083"},{"taxonomy":"post_tag","embeddable":true,"href":"https:\/\/expressaoms.com.br\/index.php\/wp-json\/wp\/v2\/tags?post=26083"}],"curies":[{"name":"wp","href":"https:\/\/api.w.org\/{rel}","templated":true}]}}