{"id":26086,"date":"2024-03-22T12:08:42","date_gmt":"2024-03-22T15:08:42","guid":{"rendered":"https:\/\/expressaoms.com.br\/?p=26086"},"modified":"2024-03-22T12:08:42","modified_gmt":"2024-03-22T15:08:42","slug":"dez-unidades-de-saude-estarao-de-plantao-neste-sabado-23-em-alusao-ao-marco-lilas","status":"publish","type":"post","link":"https:\/\/expressaoms.com.br\/index.php\/2024\/03\/22\/dez-unidades-de-saude-estarao-de-plantao-neste-sabado-23-em-alusao-ao-marco-lilas\/","title":{"rendered":"Dez Unidades de Sa\u00fade estar\u00e3o de plant\u00e3o neste s\u00e1bado (23), em alus\u00e3o ao MAR\u00c7O LIL\u00c1S"},"content":{"rendered":"<p data-raofz=\"16\">A Secretaria Municipal de Sa\u00fade (SMS) promove, neste s\u00e1bado, dia 23 de mar\u00e7o, plant\u00e3o em dez Unidades de Sa\u00fade da Fam\u00edlia (USFs) do Munic\u00edpio, em alus\u00e3o ao \u201cMar\u00e7o Lil\u00e1s\u201d, no per\u00edodo da manh\u00e3, com a\u00e7\u00f5es voltadas especialmente para as mulheres.<\/p>\n<p data-raofz=\"16\">Ser\u00e3o realizados coleta de preventivo, palestras, avalia\u00e7\u00e3o das mamas, testes r\u00e1pidos, atualiza\u00e7\u00e3o vacinal e consultas m\u00e9dicas, entre outros servi\u00e7os ofertados para toda a popula\u00e7\u00e3o.<\/p>\n<p data-raofz=\"16\"><strong>VACINA\u00c7\u00c3O CONTRA A DENGUE<\/strong><\/p>\n<p data-raofz=\"16\">Outro servi\u00e7o importante que ser\u00e1 disponibilizado nos plant\u00f5es, al\u00e9m das vacinas de rotina, \u00e9 o imunizante contra a dengue para jovens com idade de 10 a 14 anos, p\u00fablico apto a receber a vacina at\u00e9 o momento. \u00c9 necess\u00e1rio estar acompanhado dos pais ou respons\u00e1veis e levar a carteira de vacina\u00e7\u00e3o.\u201d<\/p>\n<p data-raofz=\"16\"><strong>AGENDA<\/strong><\/p>\n<p data-raofz=\"16\">23 de mar\u00e7o (s\u00e1bado)<\/p>\n<p data-raofz=\"16\">07h \u00e0s 11h \u2013 USF Miguel Nunes<\/p>\n<p data-raofz=\"16\">07h30 \u00e0s 11h30 \u2013 USF Maristela<\/p>\n<p data-raofz=\"16\">07h30 \u00e0s 11h30 \u2013 USF CH\u00c1CARA ELDORADO<\/p>\n<p data-raofz=\"16\">08h \u00e0s 12h30 \u2013 USF Nova Tr\u00eas Lagoas<\/p>\n<p data-raofz=\"16\">07h30 \u00e0s 12h \u2013 USF Vila Piloto<\/p>\n<p data-raofz=\"16\">08h \u00e0s 15h \u2013 USF S\u00e3o Carlos<\/p>\n<p data-raofz=\"16\">08h \u00e0s 12h \u2013 USF Vila Alegre<\/p>\n<p data-raofz=\"16\">07h \u00e0s 11h30 \u2013 USF Santa Rita<\/p>\n<p data-raofz=\"16\">07h \u00e0s 11h \u2013 USF Paranapung\u00e1<\/p>\n<p data-raofz=\"16\">08h \u00e0s 11h \u2013 USF Santo Andr\u00e9<\/p>\n","protected":false},"excerpt":{"rendered":"<p>A Secretaria Municipal de Sa\u00fade (SMS) promove, neste s\u00e1bado, dia 23 de mar\u00e7o, plant\u00e3o em dez Unidades de Sa\u00fade da Fam\u00edlia (USFs) do Munic\u00edpio, em alus\u00e3o ao \u201cMar\u00e7o Lil\u00e1s\u201d, no per\u00edodo da manh\u00e3, com a\u00e7\u00f5es voltadas especialmente para as mulheres. Ser\u00e3o realizados coleta de preventivo, palestras, avalia\u00e7\u00e3o das mamas, testes r\u00e1pidos, atualiza\u00e7\u00e3o vacinal e consultas [&hellip;]<\/p>\n","protected":false},"author":2,"featured_media":26087,"comment_status":"open","ping_status":"open","sticky":false,"template":"","format":"standard","meta":{"om_disable_all_campaigns":false,"_monsterinsights_skip_tracking":false,"_monsterinsights_sitenote_active":false,"_monsterinsights_sitenote_note":"","_monsterinsights_sitenote_category":0,"footnotes":""},"categories":[36,44,48],"tags":[],"aioseo_notices":[],"_links":{"self":[{"href":"https:\/\/expressaoms.com.br\/index.php\/wp-json\/wp\/v2\/posts\/26086"}],"collection":[{"href":"https:\/\/expressaoms.com.br\/index.php\/wp-json\/wp\/v2\/posts"}],"about":[{"href":"https:\/\/expressaoms.com.br\/index.php\/wp-json\/wp\/v2\/types\/post"}],"author":[{"embeddable":true,"href":"https:\/\/expressaoms.com.br\/index.php\/wp-json\/wp\/v2\/users\/2"}],"replies":[{"embeddable":true,"href":"https:\/\/expressaoms.com.br\/index.php\/wp-json\/wp\/v2\/comments?post=26086"}],"version-history":[{"count":1,"href":"https:\/\/expressaoms.com.br\/index.php\/wp-json\/wp\/v2\/posts\/26086\/revisions"}],"predecessor-version":[{"id":26088,"href":"https:\/\/expressaoms.com.br\/index.php\/wp-json\/wp\/v2\/posts\/26086\/revisions\/26088"}],"wp:featuredmedia":[{"embeddable":true,"href":"https:\/\/expressaoms.com.br\/index.php\/wp-json\/wp\/v2\/media\/26087"}],"wp:attachment":[{"href":"https:\/\/expressaoms.com.br\/index.php\/wp-json\/wp\/v2\/media?parent=26086"}],"wp:term":[{"taxonomy":"category","embeddable":true,"href":"https:\/\/expressaoms.com.br\/index.php\/wp-json\/wp\/v2\/categories?post=26086"},{"taxonomy":"post_tag","embeddable":true,"href":"https:\/\/expressaoms.com.br\/index.php\/wp-json\/wp\/v2\/tags?post=26086"}],"curies":[{"name":"wp","href":"https:\/\/api.w.org\/{rel}","templated":true}]}}