{"id":26119,"date":"2024-03-22T07:41:12","date_gmt":"2024-03-22T10:41:12","guid":{"rendered":"https:\/\/expressaoms.com.br\/?p=26119"},"modified":"2024-03-22T17:41:37","modified_gmt":"2024-03-22T20:41:37","slug":"projeto-educacao-inovadora-e-inclusiva-e-destaque-em-premio-estadual","status":"publish","type":"post","link":"https:\/\/expressaoms.com.br\/index.php\/2024\/03\/22\/projeto-educacao-inovadora-e-inclusiva-e-destaque-em-premio-estadual\/","title":{"rendered":"Projeto Educa\u00e7\u00e3o Inovadora e Inclusiva \u00e9 destaque em pr\u00eamio estadual"},"content":{"rendered":"<p>Na tarde desta quinta-feira (21\/03), em Campo Grande (MS), o Dr. Antonio Thiago foi agraciado com o pr\u00eamio &#8220;Prefeito Inovador&#8221;, juntamente com dezoito outros prefeitos do Estado de Mato Grosso do Sul, durante o 2\u00ba Congresso Sul-Mato-Grossense de Cidades Digitais e Inteligentes. Este reconhecimento ressalta os projetos que mais se destacaram na regi\u00e3o.<\/p>\n<p>O m\u00e9rito foi concedido em virtude do sucesso do Projeto Educa\u00e7\u00e3o Inovadora e Inclusiva, o qual, dividido em oito eixos, engloba n\u00e3o apenas a esfera tecnol\u00f3gica, mas diversas outras \u00e1reas.<\/p>\n<p>S\u00e3o eles: Projeto Pela Primeira Inf\u00e2ncia, Projeto Evoluir &#8211; Inclusive Todos, Projeto Viagem Cultural, Programa Municipal de Acesso \u00e0 Tecnologia (PROMATEC), Programa Estudante Nota Mil, Pr\u00eamio Professor Inovador e Inclusivo, Aux\u00edlio Inovadora e Inclusiva e Tecnologia Educacional.<\/p>\n<p>O Dr. Antonio expressou sua gratid\u00e3o a todos os envolvidos pelo \u00eaxito do Projeto, que foi reconhecido por meio deste pr\u00eamio.<\/p>\n","protected":false},"excerpt":{"rendered":"<p>Na tarde desta quinta-feira (21\/03), em Campo Grande (MS), o Dr. Antonio Thiago foi agraciado com o pr\u00eamio &#8220;Prefeito Inovador&#8221;, juntamente com dezoito outros prefeitos do Estado de Mato Grosso do Sul, durante o 2\u00ba Congresso Sul-Mato-Grossense de Cidades Digitais e Inteligentes. Este reconhecimento ressalta os projetos que mais se destacaram na regi\u00e3o. O m\u00e9rito [&hellip;]<\/p>\n","protected":false},"author":2,"featured_media":26120,"comment_status":"open","ping_status":"open","sticky":false,"template":"","format":"standard","meta":{"om_disable_all_campaigns":false,"_monsterinsights_skip_tracking":false,"_monsterinsights_sitenote_active":false,"_monsterinsights_sitenote_note":"","_monsterinsights_sitenote_category":0,"footnotes":""},"categories":[26,193],"tags":[],"aioseo_notices":[],"_links":{"self":[{"href":"https:\/\/expressaoms.com.br\/index.php\/wp-json\/wp\/v2\/posts\/26119"}],"collection":[{"href":"https:\/\/expressaoms.com.br\/index.php\/wp-json\/wp\/v2\/posts"}],"about":[{"href":"https:\/\/expressaoms.com.br\/index.php\/wp-json\/wp\/v2\/types\/post"}],"author":[{"embeddable":true,"href":"https:\/\/expressaoms.com.br\/index.php\/wp-json\/wp\/v2\/users\/2"}],"replies":[{"embeddable":true,"href":"https:\/\/expressaoms.com.br\/index.php\/wp-json\/wp\/v2\/comments?post=26119"}],"version-history":[{"count":1,"href":"https:\/\/expressaoms.com.br\/index.php\/wp-json\/wp\/v2\/posts\/26119\/revisions"}],"predecessor-version":[{"id":26121,"href":"https:\/\/expressaoms.com.br\/index.php\/wp-json\/wp\/v2\/posts\/26119\/revisions\/26121"}],"wp:featuredmedia":[{"embeddable":true,"href":"https:\/\/expressaoms.com.br\/index.php\/wp-json\/wp\/v2\/media\/26120"}],"wp:attachment":[{"href":"https:\/\/expressaoms.com.br\/index.php\/wp-json\/wp\/v2\/media?parent=26119"}],"wp:term":[{"taxonomy":"category","embeddable":true,"href":"https:\/\/expressaoms.com.br\/index.php\/wp-json\/wp\/v2\/categories?post=26119"},{"taxonomy":"post_tag","embeddable":true,"href":"https:\/\/expressaoms.com.br\/index.php\/wp-json\/wp\/v2\/tags?post=26119"}],"curies":[{"name":"wp","href":"https:\/\/api.w.org\/{rel}","templated":true}]}}