{"id":26122,"date":"2024-03-22T07:41:59","date_gmt":"2024-03-22T10:41:59","guid":{"rendered":"https:\/\/expressaoms.com.br\/?p=26122"},"modified":"2024-03-22T17:42:53","modified_gmt":"2024-03-22T20:42:53","slug":"workshop-super-chef-merendeira-comeca-em-brasilandia","status":"publish","type":"post","link":"https:\/\/expressaoms.com.br\/index.php\/2024\/03\/22\/workshop-super-chef-merendeira-comeca-em-brasilandia\/","title":{"rendered":"Workshop &#8220;Super Chef Merendeira&#8221; come\u00e7a em Brasil\u00e2ndia"},"content":{"rendered":"<p>Hoje (22\/03), na tranquila paisagem do Recanto das Palmeiras, teve in\u00edcio o t\u00e3o aguardado Workshop da competi\u00e7\u00e3o &#8220;Super Chef Merendeira&#8221;. Este evento, que \u00e9 uma iniciativa do Programa Cidade Empreendedora e Inclusiva, conta com o apoio da Prefeitura de Brasil\u00e2ndia atrav\u00e9s da Secretaria Municipal de Educa\u00e7\u00e3o.<\/p>\n<p>A primeira turma da manh\u00e3 teve a honra de ser direcionada pelo renomado chef de cozinha, Paulo Vasconcelos. Com sua expertise, ele guiou os participantes pelos intricados caminhos da culin\u00e1ria, proporcionando uma experi\u00eancia enriquecedora.<\/p>\n<p>E n\u00e3o acaba por aqui. Outra turma est\u00e1 programada para o per\u00edodo da tarde, prometendo continuar a dissemina\u00e7\u00e3o de conhecimento e habilidades gastron\u00f4micas entre os profissionais da \u00e1rea.<\/p>\n<p>A competi\u00e7\u00e3o &#8220;Super Chef Merendeira&#8221; \u00e9 dividida em duas etapas: municipal e estadual. A emocionante primeira fase acontece hoje, onde as habilidosas profissionais participam de um workshop preparat\u00f3rio, ministrado por chefs de cozinha experientes. O objetivo \u00e9 destacar o potencial da utiliza\u00e7\u00e3o de alimentos provenientes da agricultura familiar nas refei\u00e7\u00f5es dos estudantes.<\/p>\n<p>Ap\u00f3s a capacita\u00e7\u00e3o, cada participante ter\u00e1 a oportunidade de apresentar uma receita \u00fanica e saborosa. Dessas, ser\u00e3o selecionadas as cinco melhores, que ser\u00e3o preparadas para um comit\u00ea julgador. Este comit\u00ea ter\u00e1 a dif\u00edcil tarefa de eleger as tr\u00eas receitas que mais se destacarem, classificando-as em 1\u00ba, 2\u00ba e 3\u00ba lugar.<\/p>\n<p>Mas a jornada n\u00e3o termina aqui. Na etapa final, programada para maio e sediada em Campo Grande, os profissionais vencedores de cada cidade ter\u00e3o a chance de mostrar todo o seu talento em uma competi\u00e7\u00e3o acirrada.<\/p>\n<p>Este evento n\u00e3o apenas celebra a gastronomia, mas tamb\u00e9m reconhece e valoriza o importante papel das merendeiras na alimenta\u00e7\u00e3o escolar, destacando sua criatividade e dedica\u00e7\u00e3o.<\/p>\n<p>Com o in\u00edcio deste Workshop, Brasil\u00e2ndia est\u00e1 mais uma vez mostrando seu compromisso com a educa\u00e7\u00e3o, alimenta\u00e7\u00e3o saud\u00e1vel e empreendedorismo local.<\/p>\n","protected":false},"excerpt":{"rendered":"<p>Hoje (22\/03), na tranquila paisagem do Recanto das Palmeiras, teve in\u00edcio o t\u00e3o aguardado Workshop da competi\u00e7\u00e3o &#8220;Super Chef Merendeira&#8221;. Este evento, que \u00e9 uma iniciativa do Programa Cidade Empreendedora e Inclusiva, conta com o apoio da Prefeitura de Brasil\u00e2ndia atrav\u00e9s da Secretaria Municipal de Educa\u00e7\u00e3o. A primeira turma da manh\u00e3 teve a honra de [&hellip;]<\/p>\n","protected":false},"author":2,"featured_media":26123,"comment_status":"open","ping_status":"open","sticky":false,"template":"","format":"standard","meta":{"om_disable_all_campaigns":false,"_monsterinsights_skip_tracking":false,"_monsterinsights_sitenote_active":false,"_monsterinsights_sitenote_note":"","_monsterinsights_sitenote_category":0,"footnotes":""},"categories":[26,193],"tags":[],"aioseo_notices":[],"_links":{"self":[{"href":"https:\/\/expressaoms.com.br\/index.php\/wp-json\/wp\/v2\/posts\/26122"}],"collection":[{"href":"https:\/\/expressaoms.com.br\/index.php\/wp-json\/wp\/v2\/posts"}],"about":[{"href":"https:\/\/expressaoms.com.br\/index.php\/wp-json\/wp\/v2\/types\/post"}],"author":[{"embeddable":true,"href":"https:\/\/expressaoms.com.br\/index.php\/wp-json\/wp\/v2\/users\/2"}],"replies":[{"embeddable":true,"href":"https:\/\/expressaoms.com.br\/index.php\/wp-json\/wp\/v2\/comments?post=26122"}],"version-history":[{"count":1,"href":"https:\/\/expressaoms.com.br\/index.php\/wp-json\/wp\/v2\/posts\/26122\/revisions"}],"predecessor-version":[{"id":26124,"href":"https:\/\/expressaoms.com.br\/index.php\/wp-json\/wp\/v2\/posts\/26122\/revisions\/26124"}],"wp:featuredmedia":[{"embeddable":true,"href":"https:\/\/expressaoms.com.br\/index.php\/wp-json\/wp\/v2\/media\/26123"}],"wp:attachment":[{"href":"https:\/\/expressaoms.com.br\/index.php\/wp-json\/wp\/v2\/media?parent=26122"}],"wp:term":[{"taxonomy":"category","embeddable":true,"href":"https:\/\/expressaoms.com.br\/index.php\/wp-json\/wp\/v2\/categories?post=26122"},{"taxonomy":"post_tag","embeddable":true,"href":"https:\/\/expressaoms.com.br\/index.php\/wp-json\/wp\/v2\/tags?post=26122"}],"curies":[{"name":"wp","href":"https:\/\/api.w.org\/{rel}","templated":true}]}}